{"id":26833,"date":"2025-08-22T16:36:45","date_gmt":"2025-08-22T19:36:45","guid":{"rendered":"https:\/\/jm-metropole.com.br\/site\/?p=26833"},"modified":"2025-08-22T16:36:45","modified_gmt":"2025-08-22T19:36:45","slug":"audiencia-publica-em-itaqua-reforca-dialogo-sobre-uso-ocupacao-e-parcelamento-do-solo","status":"publish","type":"post","link":"https:\/\/jm-metropole.com.br\/site\/audiencia-publica-em-itaqua-reforca-dialogo-sobre-uso-ocupacao-e-parcelamento-do-solo\/","title":{"rendered":"Audi\u00eancia p\u00fablica em Itaqu\u00e1 refor\u00e7a di\u00e1logo sobre uso, ocupa\u00e7\u00e3o e parcelamento do solo"},"content":{"rendered":"<p>Encontro reuniu moradores, especialistas, autoridades e representantes da sociedade civil<\/p>\n<p>A Prefeitura de Itaquaquecetuba, por meio da Secretaria de Planejamento, realizou na quinta-feira (21), na C\u00e2mara Municipal, uma audi\u00eancia p\u00fablica para debater a revis\u00e3o da Lei de Uso, Ocupa\u00e7\u00e3o e Parcelamento do Solo. O encontro reuniu moradores, especialistas, autoridades e representantes da sociedade civil em um di\u00e1logo aberto sobre o crescimento ordenado e sustent\u00e1vel da cidade.<\/p>\n<p>Durante a audi\u00eancia, foram abordados temas como zoneamento, crit\u00e9rios para parcelamento do solo, uso adequado de \u00e1reas p\u00fablicas e privadas, preserva\u00e7\u00e3o ambiental e expans\u00e3o urbana. A participa\u00e7\u00e3o popular foi um dos destaques do evento, refor\u00e7ando o compromisso da administra\u00e7\u00e3o municipal com a transpar\u00eancia e a constru\u00e7\u00e3o coletiva das diretrizes urbanas.<\/p>\n<p>O secret\u00e1rio de Planejamento, Alexandre Feij\u00f3, destacou que a audi\u00eancia \u00e9 um passo essencial para alinhar as pol\u00edticas de desenvolvimento \u00e0s necessidades reais da popula\u00e7\u00e3o. \u201cA troca de ideias com a comunidade fortalece o processo de revis\u00e3o da lei e garante que Itaquaquecetuba avance para uma cidade resiliente, acolhedora e ambientalmente respons\u00e1vel.\u201d<\/p>\n<p>A audi\u00eancia faz parte de uma s\u00e9rie de iniciativas que buscam ampliar a participa\u00e7\u00e3o social na formula\u00e7\u00e3o de pol\u00edticas p\u00fablicas e reafirmar o compromisso com o desenvolvimento urbano inclusivo e sustent\u00e1vel. \u201cEsse espa\u00e7o de di\u00e1logo \u00e9 fundamental para que o crescimento da cidade seja planejado, respons\u00e1vel e pensado para as pr\u00f3ximas gera\u00e7\u00f5es. A contribui\u00e7\u00e3o dos cidad\u00e3os \u00e9 essencial\u201d, finalizou o prefeito Eduardo Boigues.<\/p>\n<p>Fotos: Chalaine Kerchner<\/p>\n","protected":false},"excerpt":{"rendered":"<p>Encontro reuniu moradores, especialistas, autoridades e representantes da sociedade civil A Prefeitura de Itaquaquecetuba, por meio da Secretaria de Planejamento, realizou na quinta-feira (21), na C\u00e2mara Municipal, uma audi\u00eancia p\u00fablica para debater a revis\u00e3o da Lei de Uso, Ocupa\u00e7\u00e3o e Parcelamento do Solo. O encontro reuniu moradores, especialistas, autoridades e representantes da sociedade civil em [&hellip;]<\/p>\n","protected":false},"author":1,"featured_media":26834,"comment_status":"open","ping_status":"open","sticky":false,"template":"","format":"standard","meta":{"footnotes":""},"categories":[6],"tags":[],"class_list":{"0":"post-26833","1":"post","2":"type-post","3":"status-publish","4":"format-standard","5":"has-post-thumbnail","7":"category-itaqua"},"_links":{"self":[{"href":"https:\/\/jm-metropole.com.br\/site\/wp-json\/wp\/v2\/posts\/26833","targetHints":{"allow":["GET"]}}],"collection":[{"href":"https:\/\/jm-metropole.com.br\/site\/wp-json\/wp\/v2\/posts"}],"about":[{"href":"https:\/\/jm-metropole.com.br\/site\/wp-json\/wp\/v2\/types\/post"}],"author":[{"embeddable":true,"href":"https:\/\/jm-metropole.com.br\/site\/wp-json\/wp\/v2\/users\/1"}],"replies":[{"embeddable":true,"href":"https:\/\/jm-metropole.com.br\/site\/wp-json\/wp\/v2\/comments?post=26833"}],"version-history":[{"count":1,"href":"https:\/\/jm-metropole.com.br\/site\/wp-json\/wp\/v2\/posts\/26833\/revisions"}],"predecessor-version":[{"id":26835,"href":"https:\/\/jm-metropole.com.br\/site\/wp-json\/wp\/v2\/posts\/26833\/revisions\/26835"}],"wp:featuredmedia":[{"embeddable":true,"href":"https:\/\/jm-metropole.com.br\/site\/wp-json\/wp\/v2\/media\/26834"}],"wp:attachment":[{"href":"https:\/\/jm-metropole.com.br\/site\/wp-json\/wp\/v2\/media?parent=26833"}],"wp:term":[{"taxonomy":"category","embeddable":true,"href":"https:\/\/jm-metropole.com.br\/site\/wp-json\/wp\/v2\/categories?post=26833"},{"taxonomy":"post_tag","embeddable":true,"href":"https:\/\/jm-metropole.com.br\/site\/wp-json\/wp\/v2\/tags?post=26833"}],"curies":[{"name":"wp","href":"https:\/\/api.w.org\/{rel}","templated":true}]}}