{"id":26830,"date":"2025-08-22T16:35:36","date_gmt":"2025-08-22T19:35:36","guid":{"rendered":"https:\/\/jm-metropole.com.br\/site\/?p=26830"},"modified":"2025-08-22T16:35:36","modified_gmt":"2025-08-22T19:35:36","slug":"confira-as-selecoes-de-emprego-da-ultima-semana-de-agosto","status":"publish","type":"post","link":"https:\/\/jm-metropole.com.br\/site\/confira-as-selecoes-de-emprego-da-ultima-semana-de-agosto\/","title":{"rendered":"Confira as sele\u00e7\u00f5es de emprego da \u00faltima semana de agosto"},"content":{"rendered":"<p>Vagas s\u00e3o para candidatos com 18 anos ou mais<\/p>\n<p>O programa Itaqu\u00e1 Mais Emprego realizar\u00e1 cinco sele\u00e7\u00f5es para preenchimento de vagas na pr\u00f3xima semana. N\u00e3o \u00e9 necess\u00e1rio ter experi\u00eancia. Nos tr\u00eas primeiros dias as sele\u00e7\u00f5es come\u00e7am \u00e0s 9h e \u00e9 necess\u00e1rio ter 18 anos ou mais.<\/p>\n<p>Na segunda e ter\u00e7a-feira (25) ser\u00e1 para o cargo de auxiliar de log\u00edstica, sendo no segundo dia exclusivo para pessoas com defici\u00eancia, exceto cadeirantes ou com defici\u00eancias visuais e auditivas totais.<\/p>\n<p>Na quarta (27) ser\u00e1 para os cargos de ajudantes de a\u00e7ougue e de dep\u00f3sito, repositor, balconistas de frios e de FLV, operador de caixa e auxiliar de manuten\u00e7\u00e3o predial. Na quinta (28), \u00e0s 11h, a sele\u00e7\u00e3o \u00e9 para atendentes de fast food, voltado para jovens de 17 a 29 anos.<\/p>\n<p>J\u00e1 na sexta (29), \u00e0s 9h, as vagas s\u00e3o para atendentes de cafeteria e de vendas, auxiliar de a\u00e7ougue, empacotador, repositor e operadores de caixa e de televendas, sendo necess\u00e1rio ter 18 ou mais.<\/p>\n<p>Para participar de qualquer uma das sele\u00e7\u00f5es \u00e9 necess\u00e1rio comparecer \u00e0 rua Dom Thomaz Frey, 89 \u2013 Centro com RG, CPF, curr\u00edculo impresso e caneta.<\/p>\n<p>Fotos: Matheus Cruz<\/p>\n","protected":false},"excerpt":{"rendered":"<p>Vagas s\u00e3o para candidatos com 18 anos ou mais O programa Itaqu\u00e1 Mais Emprego realizar\u00e1 cinco sele\u00e7\u00f5es para preenchimento de vagas na pr\u00f3xima semana. N\u00e3o \u00e9 necess\u00e1rio ter experi\u00eancia. Nos tr\u00eas primeiros dias as sele\u00e7\u00f5es come\u00e7am \u00e0s 9h e \u00e9 necess\u00e1rio ter 18 anos ou mais. Na segunda e ter\u00e7a-feira (25) ser\u00e1 para o cargo [&hellip;]<\/p>\n","protected":false},"author":1,"featured_media":26831,"comment_status":"open","ping_status":"open","sticky":false,"template":"","format":"standard","meta":{"footnotes":""},"categories":[6],"tags":[],"class_list":{"0":"post-26830","1":"post","2":"type-post","3":"status-publish","4":"format-standard","5":"has-post-thumbnail","7":"category-itaqua"},"_links":{"self":[{"href":"https:\/\/jm-metropole.com.br\/site\/wp-json\/wp\/v2\/posts\/26830","targetHints":{"allow":["GET"]}}],"collection":[{"href":"https:\/\/jm-metropole.com.br\/site\/wp-json\/wp\/v2\/posts"}],"about":[{"href":"https:\/\/jm-metropole.com.br\/site\/wp-json\/wp\/v2\/types\/post"}],"author":[{"embeddable":true,"href":"https:\/\/jm-metropole.com.br\/site\/wp-json\/wp\/v2\/users\/1"}],"replies":[{"embeddable":true,"href":"https:\/\/jm-metropole.com.br\/site\/wp-json\/wp\/v2\/comments?post=26830"}],"version-history":[{"count":1,"href":"https:\/\/jm-metropole.com.br\/site\/wp-json\/wp\/v2\/posts\/26830\/revisions"}],"predecessor-version":[{"id":26832,"href":"https:\/\/jm-metropole.com.br\/site\/wp-json\/wp\/v2\/posts\/26830\/revisions\/26832"}],"wp:featuredmedia":[{"embeddable":true,"href":"https:\/\/jm-metropole.com.br\/site\/wp-json\/wp\/v2\/media\/26831"}],"wp:attachment":[{"href":"https:\/\/jm-metropole.com.br\/site\/wp-json\/wp\/v2\/media?parent=26830"}],"wp:term":[{"taxonomy":"category","embeddable":true,"href":"https:\/\/jm-metropole.com.br\/site\/wp-json\/wp\/v2\/categories?post=26830"},{"taxonomy":"post_tag","embeddable":true,"href":"https:\/\/jm-metropole.com.br\/site\/wp-json\/wp\/v2\/tags?post=26830"}],"curies":[{"name":"wp","href":"https:\/\/api.w.org\/{rel}","templated":true}]}}