{"id":26827,"date":"2025-08-22T16:34:21","date_gmt":"2025-08-22T19:34:21","guid":{"rendered":"https:\/\/jm-metropole.com.br\/site\/?p=26827"},"modified":"2025-08-22T16:34:21","modified_gmt":"2025-08-22T19:34:21","slug":"biritiba-mirim-recebe-2a-edicao-do-forum-regional-de-mulheres-do-condemat","status":"publish","type":"post","link":"https:\/\/jm-metropole.com.br\/site\/biritiba-mirim-recebe-2a-edicao-do-forum-regional-de-mulheres-do-condemat\/","title":{"rendered":"Biritiba Mirim recebe 2\u00aa edi\u00e7\u00e3o do F\u00f3rum Regional de Mulheres do CONDEMAT+"},"content":{"rendered":"<p>&nbsp;<\/p>\n<p>Evento \u201cVozes que Transformam\u201d reuniu lideran\u00e7as regionais e promoveu debates sobre viol\u00eancia de g\u00eanero, sa\u00fade, direitos das mulheres e empreendedorismo no Agosto Lil\u00e1s<\/p>\n<p>Biritiba Mirim foi palco da segunda edi\u00e7\u00e3o do F\u00f3rum Regional de Mulheres \u2013 Vozes que Transformam, uma iniciativa da C\u00e2mara T\u00e9cnica de Pol\u00edticas P\u00fablicas para Mulheres do Cons\u00f3rcio de Desenvolvimento dos Munic\u00edpios do Alto Tiet\u00ea e Regi\u00e3o (CONDEMAT+). Realizado nesta quinta-feira (21), o evento integrou a programa\u00e7\u00e3o do Agosto Lil\u00e1s, m\u00eas dedicado ao enfrentamento da viol\u00eancia contra a mulher, e abriu espa\u00e7o para o di\u00e1logo, o fortalecimento de pol\u00edticas p\u00fablicas e a valoriza\u00e7\u00e3o das lideran\u00e7as femininas da regi\u00e3o.<br \/>\nA abertura do evento foi conduzida pelas presidentes dos Fundos Sociais de Aruj\u00e1 e Biritiba Mirim, Clau Camargo e Roberta Taino, respectivamente coordenadora titular e adjunta da C\u00e2mara T\u00e9cnica de Pol\u00edticas P\u00fablicas para Mulheres do CONDEMAT+. As primeiras-damas destacaram o trabalho desenvolvido na regi\u00e3o com a\u00e7\u00f5es de pol\u00edticas p\u00fablicas, que incluem o acolhimento e prote\u00e7\u00e3o de mulheres v\u00edtimas de viol\u00eancia.<br \/>\n\u201cEste f\u00f3rum nasceu em 2025 com o prop\u00f3sito de ser um espa\u00e7o de voz e escuta. Aqui n\u00e3o discutimos apenas n\u00fameros, mas vidas. Estamos construindo pontes entre munic\u00edpios, articulando a\u00e7\u00f5es que fortalecem n\u00e3o s\u00f3 as pol\u00edticas locais, mas tamb\u00e9m uma consci\u00eancia regional de que nenhuma mulher est\u00e1 sozinha. O Alto Tiet\u00ea mostra hoje que est\u00e1 unido nesse compromisso\u201d, afirmou Clau.<br \/>\nPara Roberta, a mobiliza\u00e7\u00e3o feminina representa uma for\u00e7a transformadora para a regi\u00e3o. \u201c\u00c9 muito inspirador ver tantas mulheres reunidas, compartilhando dores, lutas e conquistas. O f\u00f3rum \u00e9 um lembrete de que, juntas, podemos transformar nossa realidade. O mais importante \u00e9 n\u00e3o permitir que este encontro seja apenas um evento, mas sim um movimento cont\u00ednuo de transforma\u00e7\u00e3o. A voz de cada mulher aqui ecoa para al\u00e9m deste audit\u00f3rio\u201d, declarou a secret\u00e1ria da Mulher de Biritiba Mirim.<br \/>\nRepresentando o Conselho de Prefeitos do CONDEMAT+, o prefeito anfitri\u00e3o Carlos Alberto Taino Junior, o Inho, destacou a relev\u00e2ncia da agenda para o fortalecimento da rede de prote\u00e7\u00e3o \u00e0s mulheres.<br \/>\n\u201cHoje \u00e9 um dia muito especial. O CONDEMAT+ tem mostrado que, quando unimos for\u00e7as regionais, conseguimos resultados muito maiores do que se estiv\u00e9ssemos agindo isoladamente. A luta por pol\u00edticas p\u00fablicas voltadas \u00e0s mulheres n\u00e3o \u00e9 apenas das mulheres \u2014 \u00e9 uma causa de toda a sociedade. N\u00f3s, como gestores p\u00fablicos, temos o dever de apoiar e estruturar essa rede de prote\u00e7\u00e3o\u201d, afirmou.<br \/>\nA programa\u00e7\u00e3o contou com duas rodas de conversa. A primeira, voltada ao Agosto Lil\u00e1s e ao combate \u00e0 viol\u00eancia de g\u00eanero, reuniu a delegada da Delegacia de Defesa da Mulher de Suzano, Silmara Marcelino; a promotora de Justi\u00e7a Celeste Leite dos Santos; e a advogada Ana Carolina Soares e Soares, do projeto Defenda-se.<br \/>\nO segundo bloco teve como foco a sa\u00fade, o empreendedorismo e a lideran\u00e7a feminina, com participa\u00e7\u00e3o da m\u00e9dica ginecologista Danysa do Nascimento, da empres\u00e1ria F\u00e1dua Sleiman e da gerente regional do Sebrae-SP Alto Tiet\u00ea, Gilvanda Figueir\u00f4a.<br \/>\nO evento foi encerrado com a palestra da renomada conferencista internacional Leila Navarro, que apresentou Elas Fazem Acontecer, uma reflex\u00e3o sobre protagonismo, autoconfian\u00e7a e a for\u00e7a transformadora das mulheres.<br \/>\nO f\u00f3rum contou com a presen\u00e7a da presidente do Fundo Social de Suzano, D\u00e9bora Raffoul Ishi; do presidente da C\u00e2mara de Biritiba Mirim, vereador Genivaldo Cunha; e de vereadoras e parlamentares da Frente Parlamentar Feminina do Alto Tiet\u00ea, representada pela presidente da C\u00e2mara de Aruj\u00e1, Cristiane Ara\u00fajo Pedro.<br \/>\nA programa\u00e7\u00e3o cultural ficou por conta da cantora Thaise Novais, e o encontro reuniu ainda secret\u00e1rias municipais, representantes de conselhos, Fundos Sociais, entidades da sociedade civil e lideran\u00e7as comunit\u00e1rias dos munic\u00edpios consorciados.<\/p>\n<p>Pot\u00eancia feminina<br \/>\nO F\u00f3rum Regional de Mulheres \u2013 Vozes que Transformam foi criado neste ano pelo CONDEMAT+, com a proposta de ser itinerante entre os 14 munic\u00edpios da regi\u00e3o. A primeira edi\u00e7\u00e3o foi realizada em Suzano e, agora, em Biritiba Mirim, o f\u00f3rum reafirma o compromisso do cons\u00f3rcio com a integra\u00e7\u00e3o regional, o compartilhamento de experi\u00eancias e a amplia\u00e7\u00e3o do alcance das pol\u00edticas p\u00fablicas voltadas \u00e0 defesa dos direitos e da autonomia feminina.<\/p>\n","protected":false},"excerpt":{"rendered":"<p>&nbsp; Evento \u201cVozes que Transformam\u201d reuniu lideran\u00e7as regionais e promoveu debates sobre viol\u00eancia de g\u00eanero, sa\u00fade, direitos das mulheres e empreendedorismo no Agosto Lil\u00e1s Biritiba Mirim foi palco da segunda edi\u00e7\u00e3o do F\u00f3rum Regional de Mulheres \u2013 Vozes que Transformam, uma iniciativa da C\u00e2mara T\u00e9cnica de Pol\u00edticas P\u00fablicas para Mulheres do Cons\u00f3rcio de Desenvolvimento dos [&hellip;]<\/p>\n","protected":false},"author":1,"featured_media":26828,"comment_status":"open","ping_status":"open","sticky":false,"template":"","format":"standard","meta":{"footnotes":""},"categories":[63],"tags":[],"class_list":{"0":"post-26827","1":"post","2":"type-post","3":"status-publish","4":"format-standard","5":"has-post-thumbnail","7":"category-biritiba-mirim"},"_links":{"self":[{"href":"https:\/\/jm-metropole.com.br\/site\/wp-json\/wp\/v2\/posts\/26827","targetHints":{"allow":["GET"]}}],"collection":[{"href":"https:\/\/jm-metropole.com.br\/site\/wp-json\/wp\/v2\/posts"}],"about":[{"href":"https:\/\/jm-metropole.com.br\/site\/wp-json\/wp\/v2\/types\/post"}],"author":[{"embeddable":true,"href":"https:\/\/jm-metropole.com.br\/site\/wp-json\/wp\/v2\/users\/1"}],"replies":[{"embeddable":true,"href":"https:\/\/jm-metropole.com.br\/site\/wp-json\/wp\/v2\/comments?post=26827"}],"version-history":[{"count":1,"href":"https:\/\/jm-metropole.com.br\/site\/wp-json\/wp\/v2\/posts\/26827\/revisions"}],"predecessor-version":[{"id":26829,"href":"https:\/\/jm-metropole.com.br\/site\/wp-json\/wp\/v2\/posts\/26827\/revisions\/26829"}],"wp:featuredmedia":[{"embeddable":true,"href":"https:\/\/jm-metropole.com.br\/site\/wp-json\/wp\/v2\/media\/26828"}],"wp:attachment":[{"href":"https:\/\/jm-metropole.com.br\/site\/wp-json\/wp\/v2\/media?parent=26827"}],"wp:term":[{"taxonomy":"category","embeddable":true,"href":"https:\/\/jm-metropole.com.br\/site\/wp-json\/wp\/v2\/categories?post=26827"},{"taxonomy":"post_tag","embeddable":true,"href":"https:\/\/jm-metropole.com.br\/site\/wp-json\/wp\/v2\/tags?post=26827"}],"curies":[{"name":"wp","href":"https:\/\/api.w.org\/{rel}","templated":true}]}}