{"id":26824,"date":"2025-08-22T13:59:31","date_gmt":"2025-08-22T16:59:31","guid":{"rendered":"https:\/\/jm-metropole.com.br\/site\/?p=26824"},"modified":"2025-08-22T13:59:31","modified_gmt":"2025-08-22T16:59:31","slug":"marcelo-menezes-fara-show-gratuito-na-biblioteca-monteiro-lobato-no-proximo-dia-6-de-setembro","status":"publish","type":"post","link":"https:\/\/jm-metropole.com.br\/site\/marcelo-menezes-fara-show-gratuito-na-biblioteca-monteiro-lobato-no-proximo-dia-6-de-setembro\/","title":{"rendered":"Marcelo Menezes far\u00e1 show gratuito na Biblioteca Monteiro Lobato no pr\u00f3ximo dia 6 de setembro"},"content":{"rendered":"<p>No pr\u00f3ximo dia 6 de setembro (s\u00e1bado), a partir das 19h, o m\u00fasico e compositor guarulhense Marcelo Menezes se apresentar\u00e1 gratuitamente no Audit\u00f3rio Pedro Dias Gon\u00e7alves, na Biblioteca Monteiro Lobato. O show de voz e viol\u00e3o apresenta o projeto Al\u00e9m dos Lamentos, onde o cantor, acompanhado de Paulo C\u00e9sar Pinheiro, leva ao palco quatro sambas in\u00e9ditos, al\u00e9m de outras can\u00e7\u00f5es da sua carreira.<\/p>\n<p>Com o compromisso de manter a excel\u00eancia art\u00edstica, o novo show trabalha no fortalecimento do papel de Guarulhos como apoiador cultural e evidencia a relev\u00e2ncia da m\u00fasica popular brasileira no cen\u00e1rio contempor\u00e2neo. \u00c9 poss\u00edvel ouvir a produ\u00e7\u00e3o atrav\u00e9s do link.<\/p>\n<p>De acordo com Menezes, entre versos e melodias, os sambas revelam o amor em todas as suas faces \u2014 encontro, ternura, saudade e despedida. \u201cS\u00e3o can\u00e7\u00f5es que nascem poesia e se tornam canto\u201d, disse.<\/p>\n<p>O projeto, realizado por meio da Pol\u00edtica Nacional Aldir Blanc &#8211; PNAB atrav\u00e9s do Funcultura &#8211; Fundo Municipal de Cultura de Guarulhos, nasceu como um desdobramento natural do \u00e1lbum Lamentos, lan\u00e7ado em 2024, que reuniu 11 faixas escolhidas entre mais de 100 composi\u00e7\u00f5es da parceria.<\/p>\n<p>Doa\u00e7\u00e3o<\/p>\n<p>No \u00faltimo dia 15, Marcelo Menezes compareceu \u00e0 Secretaria de Cultura de Guarulhos e, em reuni\u00e3o com o secret\u00e1rio Jo\u00e3o Vaz, entregou 50 CDs que passar\u00e3o a integrar o acervo das bibliotecas de Guarulhos. \u201c\u00c9 muito importante que nossos equipamentos sejam abastecidos com produ\u00e7\u00f5es culturais de Guarulhenses\u201d, comentou o secret\u00e1rio.<\/p>\n<p>Servi\u00e7o<\/p>\n<p>Marcelo Menezes \u2013 Al\u00e9m dos Lamentos<br \/>\nDia 6 de setembro \u00e0s 19h<br \/>\nAudit\u00f3rio Pedro Dias Gon\u00e7alves &#8211; Biblioteca Monteiro Lobato (Rua Jo\u00e3o Gon\u00e7alves, 439 &#8211; Centro)<br \/>\nGratuito \u2013 Distribui\u00e7\u00e3o de ingressos a partir das 17h na bilheteria do audit\u00f3rio<\/p>\n<p>Foto: Diego Fr\u00f3is\/PMG<\/p>\n","protected":false},"excerpt":{"rendered":"<p>No pr\u00f3ximo dia 6 de setembro (s\u00e1bado), a partir das 19h, o m\u00fasico e compositor guarulhense Marcelo Menezes se apresentar\u00e1 gratuitamente no Audit\u00f3rio Pedro Dias Gon\u00e7alves, na Biblioteca Monteiro Lobato. O show de voz e viol\u00e3o apresenta o projeto Al\u00e9m dos Lamentos, onde o cantor, acompanhado de Paulo C\u00e9sar Pinheiro, leva ao palco quatro sambas [&hellip;]<\/p>\n","protected":false},"author":1,"featured_media":26825,"comment_status":"open","ping_status":"open","sticky":false,"template":"","format":"standard","meta":{"footnotes":""},"categories":[3],"tags":[],"class_list":{"0":"post-26824","1":"post","2":"type-post","3":"status-publish","4":"format-standard","5":"has-post-thumbnail","7":"category-guarulhos"},"_links":{"self":[{"href":"https:\/\/jm-metropole.com.br\/site\/wp-json\/wp\/v2\/posts\/26824","targetHints":{"allow":["GET"]}}],"collection":[{"href":"https:\/\/jm-metropole.com.br\/site\/wp-json\/wp\/v2\/posts"}],"about":[{"href":"https:\/\/jm-metropole.com.br\/site\/wp-json\/wp\/v2\/types\/post"}],"author":[{"embeddable":true,"href":"https:\/\/jm-metropole.com.br\/site\/wp-json\/wp\/v2\/users\/1"}],"replies":[{"embeddable":true,"href":"https:\/\/jm-metropole.com.br\/site\/wp-json\/wp\/v2\/comments?post=26824"}],"version-history":[{"count":1,"href":"https:\/\/jm-metropole.com.br\/site\/wp-json\/wp\/v2\/posts\/26824\/revisions"}],"predecessor-version":[{"id":26826,"href":"https:\/\/jm-metropole.com.br\/site\/wp-json\/wp\/v2\/posts\/26824\/revisions\/26826"}],"wp:featuredmedia":[{"embeddable":true,"href":"https:\/\/jm-metropole.com.br\/site\/wp-json\/wp\/v2\/media\/26825"}],"wp:attachment":[{"href":"https:\/\/jm-metropole.com.br\/site\/wp-json\/wp\/v2\/media?parent=26824"}],"wp:term":[{"taxonomy":"category","embeddable":true,"href":"https:\/\/jm-metropole.com.br\/site\/wp-json\/wp\/v2\/categories?post=26824"},{"taxonomy":"post_tag","embeddable":true,"href":"https:\/\/jm-metropole.com.br\/site\/wp-json\/wp\/v2\/tags?post=26824"}],"curies":[{"name":"wp","href":"https:\/\/api.w.org\/{rel}","templated":true}]}}