{"id":26784,"date":"2025-08-20T15:43:37","date_gmt":"2025-08-20T18:43:37","guid":{"rendered":"https:\/\/jm-metropole.com.br\/site\/?p=26784"},"modified":"2025-08-20T15:43:37","modified_gmt":"2025-08-20T18:43:37","slug":"32a-edicao-da-expo-aflord-tem-inicio-e-segue-tambem-nos-dias-23-24-30-e-31","status":"publish","type":"post","link":"https:\/\/jm-metropole.com.br\/site\/32a-edicao-da-expo-aflord-tem-inicio-e-segue-tambem-nos-dias-23-24-30-e-31\/","title":{"rendered":"32\u00aa EDI\u00c7\u00c3O DA EXPO AFLORD TEM IN\u00cdCIO E SEGUE TAMB\u00c9M NOS DIAS 23, 24, 30 E 31"},"content":{"rendered":"<p>A Expo Aflord come\u00e7ou neste s\u00e1bado (16)! A abertura da 32\u00aa edi\u00e7\u00e3o da exposi\u00e7\u00e3o, denominada &#8220;Florescendo com os Marcos Hist\u00f3ricos&#8221; contou com a presen\u00e7a do prefeito Luis Camargo, da presidente do Fundo Social de Solidariedade de Aruj\u00e1, Clau Camargo, e do secret\u00e1rio estadual de Viagens e Turismo, Roberto de Lucena. Com cerca de 10 mil flores, a feira tem a Z\u00ednia (esp\u00e9cie de flor) como s\u00edmbolo deste ano.<\/p>\n<p>Al\u00e9m de toda a beleza exposta, a Aflord conta com shows musicais, workshops e uma experi\u00eancia gastron\u00f4mica criativa e deliciosa e diferenciada.<\/p>\n<p>A feira, que ocorre na Avenida PL do Brasil, km 4,5, no bairro Jaguari, continua nos dias 23, 24, 30 e 31 de agosto, sempre aos s\u00e1bados e domingos, das 8h30 \u00e0s 18h.<\/p>\n<p>Para mais informa\u00e7\u00f5es e sobre ingressos, acesse: www.expoaflord.com.br \ud83d\udcf2<\/p>\n","protected":false},"excerpt":{"rendered":"<p>A Expo Aflord come\u00e7ou neste s\u00e1bado (16)! A abertura da 32\u00aa edi\u00e7\u00e3o da exposi\u00e7\u00e3o, denominada &#8220;Florescendo com os Marcos Hist\u00f3ricos&#8221; contou com a presen\u00e7a do prefeito Luis Camargo, da presidente do Fundo Social de Solidariedade de Aruj\u00e1, Clau Camargo, e do secret\u00e1rio estadual de Viagens e Turismo, Roberto de Lucena. Com cerca de 10 mil [&hellip;]<\/p>\n","protected":false},"author":1,"featured_media":26785,"comment_status":"open","ping_status":"open","sticky":false,"template":"","format":"standard","meta":{"footnotes":""},"categories":[4],"tags":[],"class_list":{"0":"post-26784","1":"post","2":"type-post","3":"status-publish","4":"format-standard","5":"has-post-thumbnail","7":"category-aruja"},"_links":{"self":[{"href":"https:\/\/jm-metropole.com.br\/site\/wp-json\/wp\/v2\/posts\/26784","targetHints":{"allow":["GET"]}}],"collection":[{"href":"https:\/\/jm-metropole.com.br\/site\/wp-json\/wp\/v2\/posts"}],"about":[{"href":"https:\/\/jm-metropole.com.br\/site\/wp-json\/wp\/v2\/types\/post"}],"author":[{"embeddable":true,"href":"https:\/\/jm-metropole.com.br\/site\/wp-json\/wp\/v2\/users\/1"}],"replies":[{"embeddable":true,"href":"https:\/\/jm-metropole.com.br\/site\/wp-json\/wp\/v2\/comments?post=26784"}],"version-history":[{"count":1,"href":"https:\/\/jm-metropole.com.br\/site\/wp-json\/wp\/v2\/posts\/26784\/revisions"}],"predecessor-version":[{"id":26786,"href":"https:\/\/jm-metropole.com.br\/site\/wp-json\/wp\/v2\/posts\/26784\/revisions\/26786"}],"wp:featuredmedia":[{"embeddable":true,"href":"https:\/\/jm-metropole.com.br\/site\/wp-json\/wp\/v2\/media\/26785"}],"wp:attachment":[{"href":"https:\/\/jm-metropole.com.br\/site\/wp-json\/wp\/v2\/media?parent=26784"}],"wp:term":[{"taxonomy":"category","embeddable":true,"href":"https:\/\/jm-metropole.com.br\/site\/wp-json\/wp\/v2\/categories?post=26784"},{"taxonomy":"post_tag","embeddable":true,"href":"https:\/\/jm-metropole.com.br\/site\/wp-json\/wp\/v2\/tags?post=26784"}],"curies":[{"name":"wp","href":"https:\/\/api.w.org\/{rel}","templated":true}]}}