{"id":265,"date":"2022-01-05T17:45:32","date_gmt":"2022-01-05T20:45:32","guid":{"rendered":"https:\/\/jm-metropole.com.br\/site\/?p=265"},"modified":"2022-01-05T17:45:32","modified_gmt":"2022-01-05T20:45:32","slug":"estrada-governador-mario-covas-ganhara-novo-asfalto","status":"publish","type":"post","link":"https:\/\/jm-metropole.com.br\/site\/estrada-governador-mario-covas-ganhara-novo-asfalto\/","title":{"rendered":"Estrada Governador M\u00e1rio Covas ganhar\u00e1 novo asfalto"},"content":{"rendered":"<p style=\"text-align: left;\">Solicita\u00e7\u00e3o foi feita pelo CONDEMAT ao Governo do Estado em junho de 2021.<br \/>\nO Governo do Estado incluiu a estrada Governador M\u00e1rio Covas J\u00fanior no programa (Estrada Asfaltada) e a mesma passar\u00e1 por obras de recupera\u00e7\u00e3o do asfalto e sinaliza\u00e7\u00e3o.<\/p>\n<p>A medida atende ao pedido feito pela dire\u00e7\u00e3o do CONDEMAT \u2013 Cons\u00f3rcio de Desenvolvimento dos Munic\u00edpios do Alto Tiet\u00ea em junho de 2021, para melhorar a circula\u00e7\u00e3o vi\u00e1ria entre os munic\u00edpios de Itaquaquecetuba, Po\u00e1 e Suzano, por onde a via passa.<\/p>\n<p>A estrada \u00e9 um dos acessos de sa\u00edda da Rodovia Ayrton Senna e faz a liga\u00e7\u00e3o com o trevo da cidade de Po\u00e1, passando tamb\u00e9m pelos munic\u00edpios de Itaquaquecetuba e Suzano, que est\u00e3o entre os mais populosos da regi\u00e3o. Ao todo, ser\u00e3o 7,4 quil\u00f4metros modernizados, totalizando um investimento superior a R$26 milh\u00f5es que vai melhorar o acesso e a mobilidade no Alto Tiet\u00ea.<\/p>\n<p>\u201cEssa \u00e9 mais uma conquista fruto da uni\u00e3o dos prefeitos da regi\u00e3o. A estrada Governador M\u00e1rio Covas J\u00fanior \u00e9 uma das vias mais movimentadas do Alto Tiet\u00ea e em raz\u00e3o do tr\u00e1fego intenso necessita de reparos. O recapeamento da via \u00e9 essencial para a seguran\u00e7a dos usu\u00e1rios, evitar acidentes e melhorar a mobilidade nesta importante liga\u00e7\u00e3o intermunicipal\u201d, disse o prefeito Rodrigo Ashiuchi, que atuou na viabiliza\u00e7\u00e3o da melhoria juntamente com os prefeitos Eduardo Boigues (Itaquaquecetuba) e M\u00e1rcia Bin (Po\u00e1).<\/p>\n<p style=\"text-align: left;\"><img loading=\"lazy\" decoding=\"async\" class=\"wp-image-266 aligncenter\" src=\"https:\/\/jm-metropole.com.br\/site\/wp-content\/uploads\/2022\/01\/WhatsApp-Image-2022-01-05-at-13.24.44-1-300x169.jpeg\" alt=\"\" width=\"331\" height=\"186\" srcset=\"https:\/\/jm-metropole.com.br\/site\/wp-content\/uploads\/2022\/01\/WhatsApp-Image-2022-01-05-at-13.24.44-1-300x169.jpeg 300w, https:\/\/jm-metropole.com.br\/site\/wp-content\/uploads\/2022\/01\/WhatsApp-Image-2022-01-05-at-13.24.44-1-1024x576.jpeg 1024w, https:\/\/jm-metropole.com.br\/site\/wp-content\/uploads\/2022\/01\/WhatsApp-Image-2022-01-05-at-13.24.44-1-768x432.jpeg 768w, https:\/\/jm-metropole.com.br\/site\/wp-content\/uploads\/2022\/01\/WhatsApp-Image-2022-01-05-at-13.24.44-1-150x84.jpeg 150w, https:\/\/jm-metropole.com.br\/site\/wp-content\/uploads\/2022\/01\/WhatsApp-Image-2022-01-05-at-13.24.44-1-696x392.jpeg 696w, https:\/\/jm-metropole.com.br\/site\/wp-content\/uploads\/2022\/01\/WhatsApp-Image-2022-01-05-at-13.24.44-1-1068x601.jpeg 1068w, https:\/\/jm-metropole.com.br\/site\/wp-content\/uploads\/2022\/01\/WhatsApp-Image-2022-01-05-at-13.24.44-1.jpeg 1280w\" sizes=\"auto, (max-width: 331px) 100vw, 331px\" \/>O prefeito tamb\u00e9m destacou que a recupera\u00e7\u00e3o da via ir\u00e1 fomentar o desenvolvimento do eixo regional, onde j\u00e1 est\u00e1 instalado o Shopping de Itaquaquecetuba.<\/p>\n<p>\u201c\u00c9 uma regi\u00e3o em franco desenvolvimento e a melhoria na infraestrutura local seguramente atrair\u00e1 novos investidores, gerando emprego e renda na regi\u00e3o\u201d, finalizou. A pr\u00f3xima fase ser\u00e1 a de abertura de licita\u00e7\u00e3o, que ser\u00e1 seguida pelo in\u00edcio das obras.<\/p>\n","protected":false},"excerpt":{"rendered":"<p>Solicita\u00e7\u00e3o foi feita pelo CONDEMAT ao Governo do Estado em junho de 2021. O Governo do Estado incluiu a estrada Governador M\u00e1rio Covas J\u00fanior no programa (Estrada Asfaltada) e a mesma passar\u00e1 por obras de recupera\u00e7\u00e3o do asfalto e sinaliza\u00e7\u00e3o. A medida atende ao pedido feito pela dire\u00e7\u00e3o do CONDEMAT \u2013 Cons\u00f3rcio de Desenvolvimento dos [&hellip;]<\/p>\n","protected":false},"author":1,"featured_media":267,"comment_status":"open","ping_status":"open","sticky":false,"template":"","format":"standard","meta":{"footnotes":""},"categories":[21,2],"tags":[],"class_list":{"0":"post-265","1":"post","2":"type-post","3":"status-publish","4":"format-standard","5":"has-post-thumbnail","7":"category-alto-tiete","8":"category-cidades"},"_links":{"self":[{"href":"https:\/\/jm-metropole.com.br\/site\/wp-json\/wp\/v2\/posts\/265","targetHints":{"allow":["GET"]}}],"collection":[{"href":"https:\/\/jm-metropole.com.br\/site\/wp-json\/wp\/v2\/posts"}],"about":[{"href":"https:\/\/jm-metropole.com.br\/site\/wp-json\/wp\/v2\/types\/post"}],"author":[{"embeddable":true,"href":"https:\/\/jm-metropole.com.br\/site\/wp-json\/wp\/v2\/users\/1"}],"replies":[{"embeddable":true,"href":"https:\/\/jm-metropole.com.br\/site\/wp-json\/wp\/v2\/comments?post=265"}],"version-history":[{"count":1,"href":"https:\/\/jm-metropole.com.br\/site\/wp-json\/wp\/v2\/posts\/265\/revisions"}],"predecessor-version":[{"id":268,"href":"https:\/\/jm-metropole.com.br\/site\/wp-json\/wp\/v2\/posts\/265\/revisions\/268"}],"wp:featuredmedia":[{"embeddable":true,"href":"https:\/\/jm-metropole.com.br\/site\/wp-json\/wp\/v2\/media\/267"}],"wp:attachment":[{"href":"https:\/\/jm-metropole.com.br\/site\/wp-json\/wp\/v2\/media?parent=265"}],"wp:term":[{"taxonomy":"category","embeddable":true,"href":"https:\/\/jm-metropole.com.br\/site\/wp-json\/wp\/v2\/categories?post=265"},{"taxonomy":"post_tag","embeddable":true,"href":"https:\/\/jm-metropole.com.br\/site\/wp-json\/wp\/v2\/tags?post=265"}],"curies":[{"name":"wp","href":"https:\/\/api.w.org\/{rel}","templated":true}]}}