{"id":26422,"date":"2025-07-29T07:40:23","date_gmt":"2025-07-29T10:40:23","guid":{"rendered":"https:\/\/jm-metropole.com.br\/site\/?p=26422"},"modified":"2025-07-29T07:40:23","modified_gmt":"2025-07-29T10:40:23","slug":"escola-de-qualificacao-profissional-da-praca-da-cidadania-de-itaqua-forma-156-alunos","status":"publish","type":"post","link":"https:\/\/jm-metropole.com.br\/site\/escola-de-qualificacao-profissional-da-praca-da-cidadania-de-itaqua-forma-156-alunos\/","title":{"rendered":"Escola de Qualifica\u00e7\u00e3o Profissional da Pra\u00e7a da Cidadania de Itaqu\u00e1 forma 156 alunos"},"content":{"rendered":"<p>Capacita\u00e7\u00e3o foi oferecida pelo Fundo Social de S\u00e3o Paulo<\/p>\n<p>A Pra\u00e7a da Cidadania de Itaquaquecetuba, iniciativa do Fundo Social de S\u00e3o Paulo (FUSSP), realizou nesta sexta-feira (25) a formatura de 156 alunos que conclu\u00edram os cursos ofertados pela Escola de Qualifica\u00e7\u00e3o Profissional, que busca ampliar as oportunidades de gera\u00e7\u00e3o de renda da popula\u00e7\u00e3o e inser\u00e7\u00e3o no mercado de trabalho.<\/p>\n<p>Os certificados foram entregues aos que conclu\u00edram os cursos de auxiliar administrativo, auxiliar de cabeleireiro, manicure e pedicure, cuidador de idosos, confeitaria b\u00e1sica, confeitaria avan\u00e7ada (bolo no pote), gastronomia com tem\u00e1tica de festa julina, panifica\u00e7\u00e3o b\u00e1sica, panifica\u00e7\u00e3o avan\u00e7ada (p\u00e3es e doces de padaria), inform\u00e1tica b\u00e1sica (pacote Office) e costureiro b\u00e1sico industrial.<\/p>\n<p>Esteve presente na cerim\u00f4nia o vice-prefeito Rog\u00e9rio Tarento, o secret\u00e1rio de Governo, Marcello Barbosa, e o respons\u00e1vel pela escola, Marcos Teles. &#8220;A forma\u00e7\u00e3o desses alunos representa a porta de entrada para o mercado de trabalho e para o empreendedorismo. Estamos trabalhando para ampliar cada vez mais o acesso \u00e0 qualifica\u00e7\u00e3o, especialmente para quem mais precisa&#8221;, disse o secret\u00e1rio de Governo.<\/p>\n<p>O equipamento faz parte de uma parceria entre o governo estadual e a prefeitura, refor\u00e7ando o compromisso da gest\u00e3o com a promo\u00e7\u00e3o da cidadania, capacita\u00e7\u00e3o e o desenvolvimento social. &#8220;Cada aluno que conclui um curso ganha mais do que conhecimento t\u00e9cnico: ganha confian\u00e7a, dignidade e a chance de mudar sua hist\u00f3ria. \u00c9 gratificante ver pol\u00edticas p\u00fablicas de qualifica\u00e7\u00e3o fazerem a diferen\u00e7a\u201d, acrescentou o vice-prefeito.<\/p>\n<p>Localizada no Parque Residencial Marengo, a Pra\u00e7a da Cidadania foi aberta ao p\u00fablico em junho em um complexo que abarca cursos de qualifica\u00e7\u00e3o profissional, espa\u00e7o de conviv\u00eancia, esporte e lazer. Os cursos profissionalizantes s\u00e3o gratuitos, com material incluso e estrutura completa.<\/p>\n<p>Fotos: Aline Sabino<\/p>\n","protected":false},"excerpt":{"rendered":"<p>Capacita\u00e7\u00e3o foi oferecida pelo Fundo Social de S\u00e3o Paulo A Pra\u00e7a da Cidadania de Itaquaquecetuba, iniciativa do Fundo Social de S\u00e3o Paulo (FUSSP), realizou nesta sexta-feira (25) a formatura de 156 alunos que conclu\u00edram os cursos ofertados pela Escola de Qualifica\u00e7\u00e3o Profissional, que busca ampliar as oportunidades de gera\u00e7\u00e3o de renda da popula\u00e7\u00e3o e inser\u00e7\u00e3o [&hellip;]<\/p>\n","protected":false},"author":1,"featured_media":26423,"comment_status":"open","ping_status":"open","sticky":false,"template":"","format":"standard","meta":{"footnotes":""},"categories":[6],"tags":[],"class_list":{"0":"post-26422","1":"post","2":"type-post","3":"status-publish","4":"format-standard","5":"has-post-thumbnail","7":"category-itaqua"},"_links":{"self":[{"href":"https:\/\/jm-metropole.com.br\/site\/wp-json\/wp\/v2\/posts\/26422","targetHints":{"allow":["GET"]}}],"collection":[{"href":"https:\/\/jm-metropole.com.br\/site\/wp-json\/wp\/v2\/posts"}],"about":[{"href":"https:\/\/jm-metropole.com.br\/site\/wp-json\/wp\/v2\/types\/post"}],"author":[{"embeddable":true,"href":"https:\/\/jm-metropole.com.br\/site\/wp-json\/wp\/v2\/users\/1"}],"replies":[{"embeddable":true,"href":"https:\/\/jm-metropole.com.br\/site\/wp-json\/wp\/v2\/comments?post=26422"}],"version-history":[{"count":1,"href":"https:\/\/jm-metropole.com.br\/site\/wp-json\/wp\/v2\/posts\/26422\/revisions"}],"predecessor-version":[{"id":26424,"href":"https:\/\/jm-metropole.com.br\/site\/wp-json\/wp\/v2\/posts\/26422\/revisions\/26424"}],"wp:featuredmedia":[{"embeddable":true,"href":"https:\/\/jm-metropole.com.br\/site\/wp-json\/wp\/v2\/media\/26423"}],"wp:attachment":[{"href":"https:\/\/jm-metropole.com.br\/site\/wp-json\/wp\/v2\/media?parent=26422"}],"wp:term":[{"taxonomy":"category","embeddable":true,"href":"https:\/\/jm-metropole.com.br\/site\/wp-json\/wp\/v2\/categories?post=26422"},{"taxonomy":"post_tag","embeddable":true,"href":"https:\/\/jm-metropole.com.br\/site\/wp-json\/wp\/v2\/tags?post=26422"}],"curies":[{"name":"wp","href":"https:\/\/api.w.org\/{rel}","templated":true}]}}