{"id":26364,"date":"2025-07-25T06:33:58","date_gmt":"2025-07-25T09:33:58","guid":{"rendered":"https:\/\/jm-metropole.com.br\/site\/?p=26364"},"modified":"2025-07-25T06:33:58","modified_gmt":"2025-07-25T09:33:58","slug":"acolhimento-de-alunos-e-familias-marca-volta-as-aulas-na-rede-municipal-nesta-quinta-feira","status":"publish","type":"post","link":"https:\/\/jm-metropole.com.br\/site\/acolhimento-de-alunos-e-familias-marca-volta-as-aulas-na-rede-municipal-nesta-quinta-feira\/","title":{"rendered":"Acolhimento de alunos e fam\u00edlias marca volta \u00e0s aulas na rede municipal nesta quinta-feira"},"content":{"rendered":"<p>A volta \u00e0s aulas nas escolas da rede municipal, nesta quinta-feira (24), foi marcada pelo acolhimento das fam\u00edlias e estudantes. O retorno do ano letivo acontece um dia ap\u00f3s os encontros de replanejamento, no qual professores e gestores se reuniram com o objetivo de retomar metas e projetos estabelecidos no in\u00edcio deste ano e contribuir, assim, com a melhoria do processo educativo dos estudantes.<\/p>\n<p>Nesse per\u00edodo de retorno \u00e0s aulas, as escolas v\u00e3o realizar os devidos ajustes e alinhar as a\u00e7\u00f5es para os pr\u00f3ximos meses do ano. \u201cEsse \u00e9 um momento de levantamento de quais crian\u00e7as a gente precisa dar maior aten\u00e7\u00e3o no que diz respeito \u00e0 alfabetiza\u00e7\u00e3o, e a partir das orienta\u00e7\u00f5es da Secretaria de Educa\u00e7\u00e3o, faremos os agrupamentos produtivos de forma mais intensa e em v\u00e1rios momentos com todas as turmas\u201d, disse Roberta Marques da Luz, coordenadora pedag\u00f3gica na EPG Evanira Vieira Rom\u00e3o.<\/p>\n<p>J\u00e1 na EPG Patr\u00edcia Galv\u00e3o \u2013 Pagu, a equipe refor\u00e7ou para a continuidade do semestre letivo as a\u00e7\u00f5es como a Ciranda do Livro, o Ch\u00e1 Liter\u00e1rio, o agrupamento produtivo dos educandos para consolidar a base alfab\u00e9tica, assim como a Maleta Viajante de leitura com diversos g\u00eaneros textuais, que as crian\u00e7as compartilham com as fam\u00edlias, e que tem como objetivo ampliar o repert\u00f3rio dos educandos.<\/p>\n<p>\u201cAs diversas \u00e1reas do conhecimento tamb\u00e9m colaboram para o enriquecimento das a\u00e7\u00f5es no segundo semestre. Como a\u00e7\u00e3o permanente em sala de aula, faremos a amplia\u00e7\u00e3o do uso do caderno de leitura (material com diversos g\u00eaneros textuais) que ser\u00e1 explorado com consignas de an\u00e1lise e reescrita\u201d, explicou Kelly Terra, parceira de Juliana Paix\u00e3o na coordena\u00e7\u00e3o pedag\u00f3gica da EPG Patr\u00edcia Galv\u00e3o &#8211; Pagu.<\/p>\n<p>Foto: Michel Wakin &#8211; PMG<\/p>\n","protected":false},"excerpt":{"rendered":"<p>A volta \u00e0s aulas nas escolas da rede municipal, nesta quinta-feira (24), foi marcada pelo acolhimento das fam\u00edlias e estudantes. O retorno do ano letivo acontece um dia ap\u00f3s os encontros de replanejamento, no qual professores e gestores se reuniram com o objetivo de retomar metas e projetos estabelecidos no in\u00edcio deste ano e contribuir, [&hellip;]<\/p>\n","protected":false},"author":1,"featured_media":26365,"comment_status":"open","ping_status":"open","sticky":false,"template":"","format":"standard","meta":{"footnotes":""},"categories":[3],"tags":[],"class_list":{"0":"post-26364","1":"post","2":"type-post","3":"status-publish","4":"format-standard","5":"has-post-thumbnail","7":"category-guarulhos"},"_links":{"self":[{"href":"https:\/\/jm-metropole.com.br\/site\/wp-json\/wp\/v2\/posts\/26364","targetHints":{"allow":["GET"]}}],"collection":[{"href":"https:\/\/jm-metropole.com.br\/site\/wp-json\/wp\/v2\/posts"}],"about":[{"href":"https:\/\/jm-metropole.com.br\/site\/wp-json\/wp\/v2\/types\/post"}],"author":[{"embeddable":true,"href":"https:\/\/jm-metropole.com.br\/site\/wp-json\/wp\/v2\/users\/1"}],"replies":[{"embeddable":true,"href":"https:\/\/jm-metropole.com.br\/site\/wp-json\/wp\/v2\/comments?post=26364"}],"version-history":[{"count":1,"href":"https:\/\/jm-metropole.com.br\/site\/wp-json\/wp\/v2\/posts\/26364\/revisions"}],"predecessor-version":[{"id":26366,"href":"https:\/\/jm-metropole.com.br\/site\/wp-json\/wp\/v2\/posts\/26364\/revisions\/26366"}],"wp:featuredmedia":[{"embeddable":true,"href":"https:\/\/jm-metropole.com.br\/site\/wp-json\/wp\/v2\/media\/26365"}],"wp:attachment":[{"href":"https:\/\/jm-metropole.com.br\/site\/wp-json\/wp\/v2\/media?parent=26364"}],"wp:term":[{"taxonomy":"category","embeddable":true,"href":"https:\/\/jm-metropole.com.br\/site\/wp-json\/wp\/v2\/categories?post=26364"},{"taxonomy":"post_tag","embeddable":true,"href":"https:\/\/jm-metropole.com.br\/site\/wp-json\/wp\/v2\/tags?post=26364"}],"curies":[{"name":"wp","href":"https:\/\/api.w.org\/{rel}","templated":true}]}}