{"id":26339,"date":"2025-07-24T08:00:34","date_gmt":"2025-07-24T11:00:34","guid":{"rendered":"https:\/\/jm-metropole.com.br\/site\/?p=26339"},"modified":"2025-07-24T08:05:05","modified_gmt":"2025-07-24T11:05:05","slug":"justica-mantem-prisao-preventiva-de-oruam","status":"publish","type":"post","link":"https:\/\/jm-metropole.com.br\/site\/justica-mantem-prisao-preventiva-de-oruam\/","title":{"rendered":"Justi\u00e7a mant\u00e9m pris\u00e3o preventiva de Oruam"},"content":{"rendered":"<div class=\"header-noticia full-width\">\n<div class=\"linha-fina-noticia\">Rapper foi indiciado por sete crimes<\/div>\n<\/div>\n<div class=\"container-autoria\"><\/div>\n<div>\n<p>A\u00a0<strong>Justi\u00e7a do Rio de Janeiro manteve\u00a0em audi\u00eancia de cust\u00f3dia, realizada nesta quarta-feira\u00a0(23), a pris\u00e3o preventiva do rapper Mauro Davi Nepomuceno dos Santos, conhecido como Oruam<\/strong>.<img decoding=\"async\" src=\"https:\/\/agenciabrasil.ebc.com.br\/ebc.png?id=1651755&amp;o=node\" \/><img decoding=\"async\" src=\"https:\/\/agenciabrasil.ebc.com.br\/ebc.gif?id=1651755&amp;o=node\" \/><\/p>\n<p>&#8220;Se o mandado de pris\u00e3o \u00e9 v\u00e1lido e a decis\u00e3o que ensejou sua expedi\u00e7\u00e3o n\u00e3o foi alterada, \u00e9 vedado ao ju\u00edzo da Central de Cust\u00f3dia avaliar o pedido defensivo de liberdade ou substitui\u00e7\u00e3o da pris\u00e3o por outra medida, sob pena de usurpa\u00e7\u00e3o de compet\u00eancia. A pretens\u00e3o defensiva deve ser dirigida ao ju\u00edzo natural ou ao \u00f3rg\u00e3o recursal competente\u201d, afirmou a\u00a0ju\u00edza Rachel Assad da Cunha.<\/p>\n<p><strong>Oruam foi indiciado por sete crimes: associa\u00e7\u00e3o ao tr\u00e1fico de drogas, tr\u00e1fico de drogas, resist\u00eancia, desacato, dano, amea\u00e7a e les\u00e3o corporal.<\/strong>\u00a0A pris\u00e3o preventiva havia sido deferida pela Justi\u00e7a, com manifesta\u00e7\u00e3o favor\u00e1vel da Promotoria de Justi\u00e7a.<\/p>\n<p>Os crimes teriam sido cometidos na noite de segunda-feira (21), na porta da casa de Oruam, no Jo\u00e1, bairro nobre da zona oeste do Rio de Janeiro.\u00a0O rapper e um grupo de amigos impediram agentes da Delegacia de Repress\u00e3o a Entorpecentes (DRE) da Pol\u00edcia Civil de cumprir um mandado de apreens\u00e3o contra um adolescente apontado como um dos maiores ladr\u00f5es de carros do estado e seguran\u00e7a pessoal do traficante Edgar Alves de Andrade, o\u00a0Doca, chefe da quadrilha Comando Vermelho (CV) no Conjunto de Favelas da Penha, zona norte do Rio.<\/p>\n<p>Oruam \u00e9 filho de M\u00e1rcio dos Santos Nepomuceno, o Marcinho VP, um dos l\u00edderes hist\u00f3ricos do CV, que est\u00e1 preso.<\/p>\n<p>O rapper se entregou \u00e0 Pol\u00edcia Civil na tarde de ter\u00e7a-feira (22), na Cidade da Pol\u00edcia.<\/p>\n<h2>Hostilidade e pedras<\/h2>\n<p>Segundo policiais, Oruam e mais oito pessoas hostilizaram os policiais com xingamentos e jogaram pedras na viatura descaracterizada. Nas redes sociais, o rapper publicou v\u00eddeos com os xingamentos e pedras sendo arremessadas.<\/p>\n<p>A pol\u00edcia diz que um dos homens que participaram da confus\u00e3o correu para dentro da casa de Oruam, \u201co que obrigou a equipe a entrar para captur\u00e1-lo\u201d.\u00a0Ele foi autuado em flagrante por desacato, resist\u00eancia qualificada, les\u00e3o corporal, amea\u00e7a, dano e associa\u00e7\u00e3o para o tr\u00e1fico.<\/p>\n<p>Oruam e os amigos fugiram do local, segundo a pol\u00edcia.\u00a0Nas redes sociais, o rapper\u00a0escreveu que os agentes estavam tentando prend\u00ea-lo tamb\u00e9m e levantou d\u00favidas sobre a legalidade da a\u00e7\u00e3o.\u00a0Ele tamb\u00e9m indicou que seguiu para o Complexo da Penha e desafiou autoridades. \u201cQuero ver voc\u00eas virem aqui, me pegar dentro do Complexo\u201d, disse.<\/p>\n<p>A pris\u00e3o preventiva \u00e9 decretada quando uma pessoa ainda n\u00e3o \u00e9 considerada culpada e n\u00e3o tem tempo determinado, devendo ser reavaliada a cada 90 dias pela Justi\u00e7a.<\/p>\n<p>*Com informa\u00e7\u00f5es de Ag\u00eancia Brasil<\/p>\n<\/div>\n","protected":false},"excerpt":{"rendered":"<p>Rapper foi indiciado por sete crimes A\u00a0Justi\u00e7a do Rio de Janeiro manteve\u00a0em audi\u00eancia de cust\u00f3dia, realizada nesta quarta-feira\u00a0(23), a pris\u00e3o preventiva do rapper Mauro Davi Nepomuceno dos Santos, conhecido como Oruam. &#8220;Se o mandado de pris\u00e3o \u00e9 v\u00e1lido e a decis\u00e3o que ensejou sua expedi\u00e7\u00e3o n\u00e3o foi alterada, \u00e9 vedado ao ju\u00edzo da Central de [&hellip;]<\/p>\n","protected":false},"author":1,"featured_media":26345,"comment_status":"open","ping_status":"open","sticky":false,"template":"","format":"standard","meta":{"footnotes":""},"categories":[1],"tags":[],"class_list":{"0":"post-26339","1":"post","2":"type-post","3":"status-publish","4":"format-standard","5":"has-post-thumbnail","7":"category-tudo"},"_links":{"self":[{"href":"https:\/\/jm-metropole.com.br\/site\/wp-json\/wp\/v2\/posts\/26339","targetHints":{"allow":["GET"]}}],"collection":[{"href":"https:\/\/jm-metropole.com.br\/site\/wp-json\/wp\/v2\/posts"}],"about":[{"href":"https:\/\/jm-metropole.com.br\/site\/wp-json\/wp\/v2\/types\/post"}],"author":[{"embeddable":true,"href":"https:\/\/jm-metropole.com.br\/site\/wp-json\/wp\/v2\/users\/1"}],"replies":[{"embeddable":true,"href":"https:\/\/jm-metropole.com.br\/site\/wp-json\/wp\/v2\/comments?post=26339"}],"version-history":[{"count":1,"href":"https:\/\/jm-metropole.com.br\/site\/wp-json\/wp\/v2\/posts\/26339\/revisions"}],"predecessor-version":[{"id":26341,"href":"https:\/\/jm-metropole.com.br\/site\/wp-json\/wp\/v2\/posts\/26339\/revisions\/26341"}],"wp:featuredmedia":[{"embeddable":true,"href":"https:\/\/jm-metropole.com.br\/site\/wp-json\/wp\/v2\/media\/26345"}],"wp:attachment":[{"href":"https:\/\/jm-metropole.com.br\/site\/wp-json\/wp\/v2\/media?parent=26339"}],"wp:term":[{"taxonomy":"category","embeddable":true,"href":"https:\/\/jm-metropole.com.br\/site\/wp-json\/wp\/v2\/categories?post=26339"},{"taxonomy":"post_tag","embeddable":true,"href":"https:\/\/jm-metropole.com.br\/site\/wp-json\/wp\/v2\/tags?post=26339"}],"curies":[{"name":"wp","href":"https:\/\/api.w.org\/{rel}","templated":true}]}}