{"id":26329,"date":"2025-07-23T16:40:11","date_gmt":"2025-07-23T19:40:11","guid":{"rendered":"https:\/\/jm-metropole.com.br\/site\/?p=26329"},"modified":"2025-07-23T16:40:11","modified_gmt":"2025-07-23T19:40:11","slug":"procon-nos-bairros-percorrera-regiao-do-pimentas-nos-proximos-tres-meses","status":"publish","type":"post","link":"https:\/\/jm-metropole.com.br\/site\/procon-nos-bairros-percorrera-regiao-do-pimentas-nos-proximos-tres-meses\/","title":{"rendered":"Procon nos Bairros percorrer\u00e1 regi\u00e3o do Pimentas nos pr\u00f3ximos tr\u00eas meses"},"content":{"rendered":"<p>Nos pr\u00f3ximos tr\u00eas meses &#8211; agosto, setembro e outubro -, o ve\u00edculo do projeto Procon nos Bairros atender\u00e1 a popula\u00e7\u00e3o em v\u00e1rias localidades da regi\u00e3o Pimentas. A medida \u00e9 necess\u00e1ria para facilitar o acesso dos moradores aos servi\u00e7os disponibilizados na unidade m\u00f3vel pela Coordenadoria de Prote\u00e7\u00e3o e Defesa do Consumidor, uma vez que se trata de uma vasta extens\u00e3o territorial.<\/p>\n<p>Em agosto, o projeto ir\u00e1 contemplar a Cidade Arac\u00edlia, a \u00c1gua Chata, o CEU Pimentas e o Jardim Jacy com os mesmos servi\u00e7os oferecidos nas demais unidades do Procon Guarulhos, sempre \u00e0s ter\u00e7as-feiras, no hor\u00e1rio das 10h \u00e0s 16h. A programa\u00e7\u00e3o dos demais meses na regi\u00e3o ser\u00e1 divulgada posteriormente.<\/p>\n<p>No pr\u00f3ximo dia 5, os moradores da Cidade Arac\u00edlia e imedia\u00e7\u00f5es contar\u00e3o com o atendimento da van, que estar\u00e1 estacionada em frente \u00e0 EPG In\u00eaz Rizzato Rodrigues (rua Padre Marcos, 437). Na semana seguinte, dia 12, ser\u00e1 a vez da \u00c1gua Chata receber os servi\u00e7os do ve\u00edculo do \u00f3rg\u00e3o de defesa do consumidor que estar\u00e1 em frente \u00e0 EPG Elis Regina Baby (rua Jos\u00e9 Freitas, 173).<\/p>\n<p>J\u00e1 no dia 19, a popula\u00e7\u00e3o ser\u00e1 atendida pela unidade itinerante em frente ao CEU Pimentas (estrada do Caminho Velho, 351) e no dia 26, o ve\u00edculo se deslocar\u00e1 para a frente da UBS Jacy (rua S\u00e3o Geraldo da Piedade, 45).<\/p>\n<p>Entre os servi\u00e7os oferecidos pelo projeto Procon nos Bairros est\u00e3o desbloqueio da Nota Fiscal Paulista, orienta\u00e7\u00f5es e abertura de reclama\u00e7\u00f5es. Os agentes do \u00f3rg\u00e3o tamb\u00e9m poder\u00e3o verificar eventuais queixas de consumidores sobre estabelecimentos comerciais nas imedia\u00e7\u00f5es que desrespeitam o C\u00f3digo de Prote\u00e7\u00e3o e Defesa do Consumidor.<\/p>\n<p>Atendimentos<\/p>\n<p>Os atendimentos presenciais ocorrem de segunda a sexta-feira, das 8h \u00e0s 16h, nas seguintes unidades:<br \/>\nProcon Central: rua Sete de Setembro, 164, Centro<br \/>\nProcon S\u00e3o Jo\u00e3o: rua Mesquita, 29, Jardim S\u00e3o Jo\u00e3o. Telefone: 2408-4315<br \/>\nProcon Pimentas: estrada do Cap\u00e3o Bonito, 53, Conjunto Marcos Freire (pr\u00e9dio do CIC). Telefone: 3202-1312<br \/>\nO Procon Guarulhos atende tamb\u00e9m pelo Disque-Den\u00fancia 151.<\/p>\n<p>Imagem: Diego Fr\u00f3is\/PMG<\/p>\n","protected":false},"excerpt":{"rendered":"<p>Nos pr\u00f3ximos tr\u00eas meses &#8211; agosto, setembro e outubro -, o ve\u00edculo do projeto Procon nos Bairros atender\u00e1 a popula\u00e7\u00e3o em v\u00e1rias localidades da regi\u00e3o Pimentas. A medida \u00e9 necess\u00e1ria para facilitar o acesso dos moradores aos servi\u00e7os disponibilizados na unidade m\u00f3vel pela Coordenadoria de Prote\u00e7\u00e3o e Defesa do Consumidor, uma vez que se trata [&hellip;]<\/p>\n","protected":false},"author":1,"featured_media":26331,"comment_status":"open","ping_status":"open","sticky":false,"template":"","format":"standard","meta":{"footnotes":""},"categories":[3],"tags":[],"class_list":{"0":"post-26329","1":"post","2":"type-post","3":"status-publish","4":"format-standard","5":"has-post-thumbnail","7":"category-guarulhos"},"_links":{"self":[{"href":"https:\/\/jm-metropole.com.br\/site\/wp-json\/wp\/v2\/posts\/26329","targetHints":{"allow":["GET"]}}],"collection":[{"href":"https:\/\/jm-metropole.com.br\/site\/wp-json\/wp\/v2\/posts"}],"about":[{"href":"https:\/\/jm-metropole.com.br\/site\/wp-json\/wp\/v2\/types\/post"}],"author":[{"embeddable":true,"href":"https:\/\/jm-metropole.com.br\/site\/wp-json\/wp\/v2\/users\/1"}],"replies":[{"embeddable":true,"href":"https:\/\/jm-metropole.com.br\/site\/wp-json\/wp\/v2\/comments?post=26329"}],"version-history":[{"count":1,"href":"https:\/\/jm-metropole.com.br\/site\/wp-json\/wp\/v2\/posts\/26329\/revisions"}],"predecessor-version":[{"id":26332,"href":"https:\/\/jm-metropole.com.br\/site\/wp-json\/wp\/v2\/posts\/26329\/revisions\/26332"}],"wp:featuredmedia":[{"embeddable":true,"href":"https:\/\/jm-metropole.com.br\/site\/wp-json\/wp\/v2\/media\/26331"}],"wp:attachment":[{"href":"https:\/\/jm-metropole.com.br\/site\/wp-json\/wp\/v2\/media?parent=26329"}],"wp:term":[{"taxonomy":"category","embeddable":true,"href":"https:\/\/jm-metropole.com.br\/site\/wp-json\/wp\/v2\/categories?post=26329"},{"taxonomy":"post_tag","embeddable":true,"href":"https:\/\/jm-metropole.com.br\/site\/wp-json\/wp\/v2\/tags?post=26329"}],"curies":[{"name":"wp","href":"https:\/\/api.w.org\/{rel}","templated":true}]}}