{"id":26326,"date":"2025-07-23T15:58:43","date_gmt":"2025-07-23T18:58:43","guid":{"rendered":"https:\/\/jm-metropole.com.br\/site\/?p=26326"},"modified":"2025-07-23T15:58:43","modified_gmt":"2025-07-23T18:58:43","slug":"gestores-e-professores-preparam-escolas-da-rede-municipal-para-volta-as-aulas","status":"publish","type":"post","link":"https:\/\/jm-metropole.com.br\/site\/gestores-e-professores-preparam-escolas-da-rede-municipal-para-volta-as-aulas\/","title":{"rendered":"Gestores e professores preparam escolas da rede municipal para volta \u00e0s aulas"},"content":{"rendered":"<p>Nesta ter\u00e7a (22) e quarta-feira (23), professores e gestores das escolas da rede municipal se re\u00fanem em suas unidades escolares para o Replanejamento 2025. O encontro tem como objetivo contribuir com a melhoria do processo educativo dos estudantes, al\u00e9m de preparar a equipe para acolher estudantes e suas fam\u00edlias no retorno das atividades letivas nesta quinta\u2013feira (24), quando mais de 115 mil alunos da educa\u00e7\u00e3o infantil, ensino fundamental e da EJA voltam \u00e0s aulas.<\/p>\n<p>Conforme documento disponibilizado pelo Departamento de Orienta\u00e7\u00f5es Educacionais e Pedag\u00f3gicas (DOEP), os encontros de replanejamento fizeram uma an\u00e1lise minuciosa do Projeto Pol\u00edtico-Pedag\u00f3gico (PPP) da unidade escolar. Na EPG Dolores Gilabel, no Parque Continental II, os professores participaram de roda de conversa sobre a\u00e7\u00f5es do PPP, al\u00e9m de realizarem o mapeamento dos dados das avalia\u00e7\u00f5es, como a sondagem, flu\u00eancia leitora, produ\u00e7\u00e3o textual entre outros instrumentos pedag\u00f3gicos.<\/p>\n<p>\u201cAgrupamos as equipes em pares para avaliar as a\u00e7\u00f5es desenvolvidas e planejar novas estrat\u00e9gias para o segundo semestre. Vamos aprofundar os saberes e avan\u00e7ar na consolida\u00e7\u00e3o das aprendizagens de leitura, escrita e matem\u00e1tica, al\u00e9m de oferecer acolhimento aos alunos nesse retorno \u00e0s aulas\u201d, destacou a coordenadora pedag\u00f3gica, Marta Haltmann, sobre a import\u00e2ncia de revisitar o PPP e apoiar os educadores com estrat\u00e9gias eficazes.<\/p>\n<p>Para garantir as aprendizagens para cada etapa escolar, o encontro abordou ainda a import\u00e2ncia da alfabetiza\u00e7\u00e3o de todos os educandos, com o Programa Aprender Juntos, Aprender Sempre, que teve in\u00edcio antes do recesso escolar. Com foco nos educandos dos 2\u00ba e 5\u00ba anos, o material elaborado pela Secretaria de Educa\u00e7\u00e3o \u00e9 voltado \u00e0 recomposi\u00e7\u00e3o das aprendizagens, respeitando as singularidades de cada aluno e promovendo equidade no ensino.<\/p>\n<p>O replanejamento tamb\u00e9m prop\u00f4s um di\u00e1logo com as necessidades locais, a fim de contribuir para o desenvolvimento integral dos alunos. Na segunda parte do encontro, cada professor realizou a an\u00e1lise dos dados de sua turma e elaborou o planejamento semanal.<\/p>\n<p>A gest\u00e3o refor\u00e7ou o comprometimento com a excel\u00eancia do aprendizado, que se constr\u00f3i por meio da dedica\u00e7\u00e3o conjunta de educandos, familiares, professores e demais profissionais da educa\u00e7\u00e3o.<\/p>\n<p>Foto: Michel Wakin \/ PMG<\/p>\n","protected":false},"excerpt":{"rendered":"<p>Nesta ter\u00e7a (22) e quarta-feira (23), professores e gestores das escolas da rede municipal se re\u00fanem em suas unidades escolares para o Replanejamento 2025. O encontro tem como objetivo contribuir com a melhoria do processo educativo dos estudantes, al\u00e9m de preparar a equipe para acolher estudantes e suas fam\u00edlias no retorno das atividades letivas nesta [&hellip;]<\/p>\n","protected":false},"author":1,"featured_media":26327,"comment_status":"open","ping_status":"open","sticky":false,"template":"","format":"standard","meta":{"footnotes":""},"categories":[3],"tags":[],"class_list":{"0":"post-26326","1":"post","2":"type-post","3":"status-publish","4":"format-standard","5":"has-post-thumbnail","7":"category-guarulhos"},"_links":{"self":[{"href":"https:\/\/jm-metropole.com.br\/site\/wp-json\/wp\/v2\/posts\/26326","targetHints":{"allow":["GET"]}}],"collection":[{"href":"https:\/\/jm-metropole.com.br\/site\/wp-json\/wp\/v2\/posts"}],"about":[{"href":"https:\/\/jm-metropole.com.br\/site\/wp-json\/wp\/v2\/types\/post"}],"author":[{"embeddable":true,"href":"https:\/\/jm-metropole.com.br\/site\/wp-json\/wp\/v2\/users\/1"}],"replies":[{"embeddable":true,"href":"https:\/\/jm-metropole.com.br\/site\/wp-json\/wp\/v2\/comments?post=26326"}],"version-history":[{"count":1,"href":"https:\/\/jm-metropole.com.br\/site\/wp-json\/wp\/v2\/posts\/26326\/revisions"}],"predecessor-version":[{"id":26328,"href":"https:\/\/jm-metropole.com.br\/site\/wp-json\/wp\/v2\/posts\/26326\/revisions\/26328"}],"wp:featuredmedia":[{"embeddable":true,"href":"https:\/\/jm-metropole.com.br\/site\/wp-json\/wp\/v2\/media\/26327"}],"wp:attachment":[{"href":"https:\/\/jm-metropole.com.br\/site\/wp-json\/wp\/v2\/media?parent=26326"}],"wp:term":[{"taxonomy":"category","embeddable":true,"href":"https:\/\/jm-metropole.com.br\/site\/wp-json\/wp\/v2\/categories?post=26326"},{"taxonomy":"post_tag","embeddable":true,"href":"https:\/\/jm-metropole.com.br\/site\/wp-json\/wp\/v2\/tags?post=26326"}],"curies":[{"name":"wp","href":"https:\/\/api.w.org\/{rel}","templated":true}]}}