{"id":26313,"date":"2025-07-22T12:48:37","date_gmt":"2025-07-22T15:48:37","guid":{"rendered":"https:\/\/jm-metropole.com.br\/site\/?p=26313"},"modified":"2025-07-22T12:48:37","modified_gmt":"2025-07-22T15:48:37","slug":"prefeitura-disponibiliza-sistema-para-cadastro-de-tamanhos-do-uniforme-escolar-para-o-2026","status":"publish","type":"post","link":"https:\/\/jm-metropole.com.br\/site\/prefeitura-disponibiliza-sistema-para-cadastro-de-tamanhos-do-uniforme-escolar-para-o-2026\/","title":{"rendered":"Prefeitura disponibiliza sistema para cadastro de tamanhos do uniforme escolar para o 2026"},"content":{"rendered":"<p>Fam\u00edlias dos alunos matriculados nas escolas da rede municipal t\u00eam at\u00e9 o dia 29 de agosto para acessar o sistema de coleta de dados e suprimentos escolares da Secretaria de Educa\u00e7\u00e3o e inserir os tamanhos dos uniformes e t\u00eanis escolares dos educandos para o ano letivo de 2026.<\/p>\n<p>Para cadastrar os dados, o respons\u00e1vel dever\u00e1 acessar o link https:\/\/portaleducacao.guarulhos.sp.gov.br\/siseduc\/uniformeescolar\/cadastrar\/solicitacao\/ e preencher o tamanho correto do uniforme e do t\u00eanis, considerando a utiliza\u00e7\u00e3o no ano letivo de 2025. No momento da inser\u00e7\u00e3o dos dados, \u00e9 necess\u00e1rio informar o CPF e a data de nascimento do aluno.<\/p>\n<p>O sistema foi desenvolvido de forma a oferecer acesso f\u00e1cil e intuitivo para o preenchimento, indicando inclusive as medidas das pe\u00e7as visando obter dados precisos e evitar trocas posteriores.<\/p>\n<p>Em caso de d\u00favidas, est\u00e1 dispon\u00edvel o tutorial em PDF no sistema de cadastro. Tamb\u00e9m \u00e9 poss\u00edvel entrar em contato pelo e-mail suprimentosse@educacao.guarulhos.sp.gov.br ou pelo telefone 2475-7300 (ramal 7339), com Keytt Zamorano, Bruna Ramos ou Wesley Almeida.<\/p>\n<p>&nbsp;<\/p>\n","protected":false},"excerpt":{"rendered":"<p>Fam\u00edlias dos alunos matriculados nas escolas da rede municipal t\u00eam at\u00e9 o dia 29 de agosto para acessar o sistema de coleta de dados e suprimentos escolares da Secretaria de Educa\u00e7\u00e3o e inserir os tamanhos dos uniformes e t\u00eanis escolares dos educandos para o ano letivo de 2026. Para cadastrar os dados, o respons\u00e1vel dever\u00e1 [&hellip;]<\/p>\n","protected":false},"author":1,"featured_media":26314,"comment_status":"open","ping_status":"open","sticky":false,"template":"","format":"standard","meta":{"footnotes":""},"categories":[3],"tags":[],"class_list":{"0":"post-26313","1":"post","2":"type-post","3":"status-publish","4":"format-standard","5":"has-post-thumbnail","7":"category-guarulhos"},"_links":{"self":[{"href":"https:\/\/jm-metropole.com.br\/site\/wp-json\/wp\/v2\/posts\/26313","targetHints":{"allow":["GET"]}}],"collection":[{"href":"https:\/\/jm-metropole.com.br\/site\/wp-json\/wp\/v2\/posts"}],"about":[{"href":"https:\/\/jm-metropole.com.br\/site\/wp-json\/wp\/v2\/types\/post"}],"author":[{"embeddable":true,"href":"https:\/\/jm-metropole.com.br\/site\/wp-json\/wp\/v2\/users\/1"}],"replies":[{"embeddable":true,"href":"https:\/\/jm-metropole.com.br\/site\/wp-json\/wp\/v2\/comments?post=26313"}],"version-history":[{"count":1,"href":"https:\/\/jm-metropole.com.br\/site\/wp-json\/wp\/v2\/posts\/26313\/revisions"}],"predecessor-version":[{"id":26315,"href":"https:\/\/jm-metropole.com.br\/site\/wp-json\/wp\/v2\/posts\/26313\/revisions\/26315"}],"wp:featuredmedia":[{"embeddable":true,"href":"https:\/\/jm-metropole.com.br\/site\/wp-json\/wp\/v2\/media\/26314"}],"wp:attachment":[{"href":"https:\/\/jm-metropole.com.br\/site\/wp-json\/wp\/v2\/media?parent=26313"}],"wp:term":[{"taxonomy":"category","embeddable":true,"href":"https:\/\/jm-metropole.com.br\/site\/wp-json\/wp\/v2\/categories?post=26313"},{"taxonomy":"post_tag","embeddable":true,"href":"https:\/\/jm-metropole.com.br\/site\/wp-json\/wp\/v2\/tags?post=26313"}],"curies":[{"name":"wp","href":"https:\/\/api.w.org\/{rel}","templated":true}]}}