{"id":26298,"date":"2025-07-22T07:03:13","date_gmt":"2025-07-22T10:03:13","guid":{"rendered":"https:\/\/jm-metropole.com.br\/site\/?p=26298"},"modified":"2025-07-22T07:22:14","modified_gmt":"2025-07-22T10:22:14","slug":"governo-de-sp-lanca-cultsp-na-estrada-programa-que-amplia-acoes-culturais-itinerantes-em-todo-o-estado","status":"publish","type":"post","link":"https:\/\/jm-metropole.com.br\/site\/governo-de-sp-lanca-cultsp-na-estrada-programa-que-amplia-acoes-culturais-itinerantes-em-todo-o-estado\/","title":{"rendered":"Governo de SP lan\u00e7a CULTSP na Estrada, programa que amplia a\u00e7\u00f5es culturais itinerantes em todo o estado"},"content":{"rendered":"<p>O Governo de S\u00e3o Paulo, por meio da Secretaria da Cultura, Economia e Ind\u00fastria Criativas, lan\u00e7a o\u00a0<a role=\"link\" href=\"https:\/\/www.cultsppro.org.br\/\" target=\"_blank\" rel=\"noreferrer noopener\">CULTSP<\/a>\u00a0na Estrada. O programa re\u00fane estrutura e amplia as a\u00e7\u00f5es culturais itinerantes da pasta no interior e no litoral. A proposta articula diferentes projetos e equipamentos da Secretaria em uma agenda coordenada de circula\u00e7\u00e3o, com oficinas, exposi\u00e7\u00f5es, apresenta\u00e7\u00f5es e atividades formativas em escolas p\u00fablicas e espa\u00e7os comunit\u00e1rios.<\/p>\n<blockquote class=\"wp-block-quote is-layout-flow wp-block-quote-is-layout-flow\"><p>\u201cO CULTSP na Estrada representa um avan\u00e7o decisivo na pol\u00edtica cultural do estado, fortalecendo e expandindo a presen\u00e7a da Secretaria em todos os territ\u00f3rios paulistas. Por meio de uma articula\u00e7\u00e3o estrat\u00e9gica, o programa conecta nossos projetos \u00e0s especificidades de cada comunidade, promovendo o acesso \u00e0 cultura e \u00e0 forma\u00e7\u00e3o art\u00edstica de maneira integrada, ampla e transformadora, gerando impactos reais no desenvolvimento social, cultural e econ\u00f4mico das regi\u00f5es atendidas\u201d, destaca Marilia Marton, secret\u00e1ria da Cultura, Economia e Ind\u00fastria Criativas do Estado de S\u00e3o Paulo.<\/p><\/blockquote>\n<p>Entre as a\u00e7\u00f5es que integram o programa est\u00e1 a itiner\u00e2ncia das <a role=\"link\" href=\"https:\/\/www.fabricasdecultura.org.br\/\" target=\"_blank\" rel=\"noreferrer noopener\">F\u00e1bricas de Cultura<\/a>, que leva oficinas e apresenta\u00e7\u00f5es baseadas em suas metodologias a cidades que n\u00e3o possuem unidades fixas. A gest\u00e3o \u00e9 feita pelas Organiza\u00e7\u00f5es Sociais Poiesis e Catavento Cultural e Educacional.<\/p>\n<p>Em 2025, a itiner\u00e2ncia das F\u00e1bricas de Cultura passar\u00e1 por 14 munic\u00edpios: Porto Ferreira, Barra do Turvo, Itarar\u00e9, Mirassol, Mairinque, Guaimb\u00ea, Dracena, Guaruj\u00e1, Bertioga, Peru\u00edbe, Juquitiba, Embu das Artes, Carapicu\u00edba e Santana de Parna\u00edba.<\/p>\n<h3 class=\"wp-block-heading\">Primeiras a\u00e7\u00f5es da itiner\u00e2ncia das F\u00e1bricas de Cultura come\u00e7am em julho<\/h3>\n<p>As primeiras cidades a receber a itiner\u00e2ncia das F\u00e1bricas de Cultura dentro do CULTSP na Estrada s\u00e3o Porto Ferreira e Guaruj\u00e1. Em Porto Ferreira, as atividades t\u00eam in\u00edcio em 22 de julho, com oficinas e apresenta\u00e7\u00f5es na Escola Estadual Pedrina Pires Zadra e em pra\u00e7as da cidade. A programa\u00e7\u00e3o inclui espet\u00e1culos infantis, batalhas de MCs, dan\u00e7a, cinema, canto coral, estamparia, rob\u00f3tica criativa, cultura hip-hop, sustentabilidade e tecnologia.<\/p>\n<p>Em Guaruj\u00e1, a itiner\u00e2ncia acontece na Escola Estadual Professor Walter Scheppis, nos dias 24, 25 e 31 de julho e 1\u00ba e 2 de agosto, com conta\u00e7\u00f5es de hist\u00f3rias, teatro e m\u00fasica, integrando o retorno \u00e0s aulas com atividades voltadas \u00e0 comunidade escolar.<\/p>\n<p>*Com informa\u00e7\u00f5es de Ag\u00eancia SP<\/p>\n","protected":false},"excerpt":{"rendered":"<p>O Governo de S\u00e3o Paulo, por meio da Secretaria da Cultura, Economia e Ind\u00fastria Criativas, lan\u00e7a o\u00a0CULTSP\u00a0na Estrada. O programa re\u00fane estrutura e amplia as a\u00e7\u00f5es culturais itinerantes da pasta no interior e no litoral. A proposta articula diferentes projetos e equipamentos da Secretaria em uma agenda coordenada de circula\u00e7\u00e3o, com oficinas, exposi\u00e7\u00f5es, apresenta\u00e7\u00f5es e [&hellip;]<\/p>\n","protected":false},"author":1,"featured_media":26299,"comment_status":"open","ping_status":"open","sticky":false,"template":"","format":"standard","meta":{"footnotes":""},"categories":[13],"tags":[],"class_list":{"0":"post-26298","1":"post","2":"type-post","3":"status-publish","4":"format-standard","5":"has-post-thumbnail","7":"category-cultura"},"_links":{"self":[{"href":"https:\/\/jm-metropole.com.br\/site\/wp-json\/wp\/v2\/posts\/26298","targetHints":{"allow":["GET"]}}],"collection":[{"href":"https:\/\/jm-metropole.com.br\/site\/wp-json\/wp\/v2\/posts"}],"about":[{"href":"https:\/\/jm-metropole.com.br\/site\/wp-json\/wp\/v2\/types\/post"}],"author":[{"embeddable":true,"href":"https:\/\/jm-metropole.com.br\/site\/wp-json\/wp\/v2\/users\/1"}],"replies":[{"embeddable":true,"href":"https:\/\/jm-metropole.com.br\/site\/wp-json\/wp\/v2\/comments?post=26298"}],"version-history":[{"count":1,"href":"https:\/\/jm-metropole.com.br\/site\/wp-json\/wp\/v2\/posts\/26298\/revisions"}],"predecessor-version":[{"id":26300,"href":"https:\/\/jm-metropole.com.br\/site\/wp-json\/wp\/v2\/posts\/26298\/revisions\/26300"}],"wp:featuredmedia":[{"embeddable":true,"href":"https:\/\/jm-metropole.com.br\/site\/wp-json\/wp\/v2\/media\/26299"}],"wp:attachment":[{"href":"https:\/\/jm-metropole.com.br\/site\/wp-json\/wp\/v2\/media?parent=26298"}],"wp:term":[{"taxonomy":"category","embeddable":true,"href":"https:\/\/jm-metropole.com.br\/site\/wp-json\/wp\/v2\/categories?post=26298"},{"taxonomy":"post_tag","embeddable":true,"href":"https:\/\/jm-metropole.com.br\/site\/wp-json\/wp\/v2\/tags?post=26298"}],"curies":[{"name":"wp","href":"https:\/\/api.w.org\/{rel}","templated":true}]}}