{"id":26295,"date":"2025-07-22T06:54:52","date_gmt":"2025-07-22T09:54:52","guid":{"rendered":"https:\/\/jm-metropole.com.br\/site\/?p=26295"},"modified":"2025-07-22T06:54:52","modified_gmt":"2025-07-22T09:54:52","slug":"cgu-culpa-enel-por-falhas-que-pioraram-situacao-em-apagoes-em-sp","status":"publish","type":"post","link":"https:\/\/jm-metropole.com.br\/site\/cgu-culpa-enel-por-falhas-que-pioraram-situacao-em-apagoes-em-sp\/","title":{"rendered":"CGU culpa Enel por falhas que pioraram situa\u00e7\u00e3o em apag\u00f5es em SP"},"content":{"rendered":"<div class=\"header-noticia full-width\">\n<div class=\"linha-fina-noticia\">Problemas ocorreram nos dois \u00faltimos anos<\/div>\n<\/div>\n<div class=\"container-autoria\"><\/div>\n<div>\n<p><strong>A Controladoria-Geral da Uni\u00e3o (CGU) divulgou, nesta segunda-feira (21), relat\u00f3rio de auditoria sobre as interrup\u00e7\u00f5es de distribui\u00e7\u00e3o de energia el\u00e9trica em 2023 e 2024, com \u00eanfase na \u00e1rea de cobertura da concession\u00e1ria Enel, na regi\u00e3o metropolitana de S\u00e3o Paulo. Segundo a CGU, houve falhas no acionamento do plano de conting\u00eancia da Enel.<\/strong><img decoding=\"async\" src=\"https:\/\/agenciabrasil.ebc.com.br\/ebc.png?id=1651510&amp;o=node\" \/><img decoding=\"async\" src=\"https:\/\/agenciabrasil.ebc.com.br\/ebc.gif?id=1651510&amp;o=node\" \/><\/p>\n<p>A CGU tamb\u00e9m constatou a exist\u00eancia de falhas na regulamenta\u00e7\u00e3o da fiscaliza\u00e7\u00e3o por parte da Ag\u00eancia Nacional de Energia El\u00e9trica (Aneel), que, por sua vez, dificultaram a fiscaliza\u00e7\u00e3o das a\u00e7\u00f5es das contramedidas pelas concession\u00e1rias.<\/p>\n<p>O relat\u00f3rio p\u00fablico apontou duas fragilidades da Aneel que podem ter facilitado \u00e0 Enel diminuir suas equipes de resposta a situa\u00e7\u00f5es emergenciais, como tempestades severas e enchentes. Desta forma, a CGU recomendou que a ag\u00eancia &#8220;estabelecesse um procedimento de fiscaliza\u00e7\u00e3o espec\u00edfico para situa\u00e7\u00f5es de emerg\u00eancia, que considere a ader\u00eancia das a\u00e7\u00f5es da concession\u00e1ria ao seu plano de conting\u00eancia&#8221;.\u00a0<strong>O objetivo seria proporcionar clareza sobre os crit\u00e9rios de avalia\u00e7\u00e3o e evitar questionamentos por parte das concession\u00e1rias, que podem funcionar para &#8220;escapar&#8221; de uma fiscaliza\u00e7\u00e3o mais r\u00edgida.<\/strong><\/p>\n<p>A segunda cr\u00edtica foi a fragilidades &#8220;na regulamenta\u00e7\u00e3o que avalia e monitora o desempenho das concession\u00e1rias em situa\u00e7\u00f5es de emerg\u00eancia, especialmente em face do aumento da frequ\u00eancia de eventos clim\u00e1ticos extremos&#8221;. Em resumo, a Aneel n\u00e3o tinha como medir objetivamente tais respostas, o que tamb\u00e9m dificultava as cobran\u00e7as.<\/p>\n<blockquote><p>&#8220;\u00c9 necess\u00e1rio um aprimoramento para garantir a continuidade, efici\u00eancia, seguran\u00e7a e celeridade na presta\u00e7\u00e3o do servi\u00e7o nessas circunst\u00e2ncias&#8221;, acrescenta o relat\u00f3rio da\u00a0CGU.<\/p><\/blockquote>\n<p>*Com informa\u00e7\u00f5es de Ag\u00eancia Brasil<\/p>\n<\/div>\n","protected":false},"excerpt":{"rendered":"<p>Problemas ocorreram nos dois \u00faltimos anos A Controladoria-Geral da Uni\u00e3o (CGU) divulgou, nesta segunda-feira (21), relat\u00f3rio de auditoria sobre as interrup\u00e7\u00f5es de distribui\u00e7\u00e3o de energia el\u00e9trica em 2023 e 2024, com \u00eanfase na \u00e1rea de cobertura da concession\u00e1ria Enel, na regi\u00e3o metropolitana de S\u00e3o Paulo. Segundo a CGU, houve falhas no acionamento do plano de [&hellip;]<\/p>\n","protected":false},"author":1,"featured_media":26296,"comment_status":"open","ping_status":"open","sticky":false,"template":"","format":"standard","meta":{"footnotes":""},"categories":[48],"tags":[],"class_list":{"0":"post-26295","1":"post","2":"type-post","3":"status-publish","4":"format-standard","5":"has-post-thumbnail","7":"category-geral"},"_links":{"self":[{"href":"https:\/\/jm-metropole.com.br\/site\/wp-json\/wp\/v2\/posts\/26295","targetHints":{"allow":["GET"]}}],"collection":[{"href":"https:\/\/jm-metropole.com.br\/site\/wp-json\/wp\/v2\/posts"}],"about":[{"href":"https:\/\/jm-metropole.com.br\/site\/wp-json\/wp\/v2\/types\/post"}],"author":[{"embeddable":true,"href":"https:\/\/jm-metropole.com.br\/site\/wp-json\/wp\/v2\/users\/1"}],"replies":[{"embeddable":true,"href":"https:\/\/jm-metropole.com.br\/site\/wp-json\/wp\/v2\/comments?post=26295"}],"version-history":[{"count":1,"href":"https:\/\/jm-metropole.com.br\/site\/wp-json\/wp\/v2\/posts\/26295\/revisions"}],"predecessor-version":[{"id":26297,"href":"https:\/\/jm-metropole.com.br\/site\/wp-json\/wp\/v2\/posts\/26295\/revisions\/26297"}],"wp:featuredmedia":[{"embeddable":true,"href":"https:\/\/jm-metropole.com.br\/site\/wp-json\/wp\/v2\/media\/26296"}],"wp:attachment":[{"href":"https:\/\/jm-metropole.com.br\/site\/wp-json\/wp\/v2\/media?parent=26295"}],"wp:term":[{"taxonomy":"category","embeddable":true,"href":"https:\/\/jm-metropole.com.br\/site\/wp-json\/wp\/v2\/categories?post=26295"},{"taxonomy":"post_tag","embeddable":true,"href":"https:\/\/jm-metropole.com.br\/site\/wp-json\/wp\/v2\/tags?post=26295"}],"curies":[{"name":"wp","href":"https:\/\/api.w.org\/{rel}","templated":true}]}}