{"id":26292,"date":"2025-07-21T17:40:15","date_gmt":"2025-07-21T20:40:15","guid":{"rendered":"https:\/\/jm-metropole.com.br\/site\/?p=26292"},"modified":"2025-07-21T17:40:15","modified_gmt":"2025-07-21T20:40:15","slug":"campanha-de-vacinacao-nacional-ocorre-nesta-semana-em-todas-as-ubss-de-aruja","status":"publish","type":"post","link":"https:\/\/jm-metropole.com.br\/site\/campanha-de-vacinacao-nacional-ocorre-nesta-semana-em-todas-as-ubss-de-aruja\/","title":{"rendered":"CAMPANHA DE VACINA\u00c7\u00c3O NACIONAL OCORRE NESTA SEMANA EM TODAS AS UBSs DE ARUJ\u00c1"},"content":{"rendered":"<p>Entre os dias 21 e 25 de julho (segunda a sexta-feira), a Prefeitura de Aruj\u00e1, com os esfor\u00e7os da Secretaria Municipal de Sa\u00fade e da Diretoria de Vigil\u00e2ncia em Sa\u00fade, promove o Movimento Municipal pela Vacina\u00e7\u00e3o, com o objetivo de refor\u00e7ar a import\u00e2ncia da imuniza\u00e7\u00e3o. A a\u00e7\u00e3o abrange todas as vacinas do Calend\u00e1rio Nacional de Imuniza\u00e7\u00e3o e ser\u00e1 realizada em todas as Unidades B\u00e1sicas de Sa\u00fade (UBS) da cidade, de segunda a sexta-feira, das 8h \u00e0s 16h, com atendimento gratuito, aberto \u00e0 popula\u00e7\u00e3o e sem agendamento pr\u00e9vio.<\/p>\n<p>\u00c9 preciso estar com um documento oficial com foto e uma caderneta de vacina\u00e7\u00e3o (se dispon\u00edvel) para receber o imunizante.<\/p>\n<p>As vacinas dispon\u00edveis para a popula\u00e7\u00e3o nas UBSs s\u00e3o todas as divulgadas pelo Calend\u00e1rio Nacional de Vacina\u00e7\u00e3o, como: Influenza (gripe), Hepatite B, Febre Amarela, Tr\u00edplice Viral (Sarampo, Caxumba e Rub\u00e9ola) e COVID-19. A faixa et\u00e1ria \u00e9 para toda a popula\u00e7\u00e3o, indo conforme a situa\u00e7\u00e3o vacinal e tipo da dose.<\/p>\n<p>Todas as UBSs do munic\u00edpio participar\u00e3o do mutir\u00e3o, sendo elas: UBS Parque Rodrigo Barreto, UBS Jardim Em\u00edlia, UBS Mirante, UBS Nova Aruj\u00e1, UBS Jardim Real, UBS Jardim Fazenda Rinc\u00e3o, UBS Vila Pilar e o CEM (Centro de Especialidades M\u00e9dicas).<\/p>\n<p>Confira os endere\u00e7os das Unidades de Sa\u00fade com vacina\u00e7\u00e3o:<\/p>\n<p>&#8211; UBS Parque Rodrigo Barreto: Rua Pedro Severino Martins, 231, Centro Residencial<br \/>\n&#8211; UBS Jardim Em\u00edlia: Rua Oscar Schiavon, 390, Jardim Em\u00edlia<br \/>\n&#8211; UBS Mirante: Estrada do Kondo, 712, Jardim Pinheiro<br \/>\n&#8211; UBS Nova Aruj\u00e1: Av. S\u00e3o Lucas, 310, Cidade Nova Aruj\u00e1<br \/>\n&#8211; UBS Jardim Real: Rua S\u00e3o Paulo, 675, Jardim Real<br \/>\n&#8211; UBS Jardim Fazenda Rinc\u00e3o: Estrada Velha de Po\u00e1, 1176-1296, Jardim Fazenda Rinc\u00e3o<br \/>\n&#8211; UBS Vila Pilar: Rua Tailor do Nascimento, 230, Parque Rodrigo Barreto<br \/>\n&#8211; CEM (Centro de Especialidades M\u00e9dicas): Av. dos Expedicion\u00e1rios, 1255, Centro<\/p>\n<p>Para mais informa\u00e7\u00f5es, entrar em contato no n\u00famero (11) 4652-1051 ou por meio do e-mail saude.vigilancia@aruja.sp.gov.br.<\/p>\n","protected":false},"excerpt":{"rendered":"<p>Entre os dias 21 e 25 de julho (segunda a sexta-feira), a Prefeitura de Aruj\u00e1, com os esfor\u00e7os da Secretaria Municipal de Sa\u00fade e da Diretoria de Vigil\u00e2ncia em Sa\u00fade, promove o Movimento Municipal pela Vacina\u00e7\u00e3o, com o objetivo de refor\u00e7ar a import\u00e2ncia da imuniza\u00e7\u00e3o. A a\u00e7\u00e3o abrange todas as vacinas do Calend\u00e1rio Nacional de [&hellip;]<\/p>\n","protected":false},"author":1,"featured_media":26293,"comment_status":"open","ping_status":"open","sticky":false,"template":"","format":"standard","meta":{"footnotes":""},"categories":[4],"tags":[],"class_list":{"0":"post-26292","1":"post","2":"type-post","3":"status-publish","4":"format-standard","5":"has-post-thumbnail","7":"category-aruja"},"_links":{"self":[{"href":"https:\/\/jm-metropole.com.br\/site\/wp-json\/wp\/v2\/posts\/26292","targetHints":{"allow":["GET"]}}],"collection":[{"href":"https:\/\/jm-metropole.com.br\/site\/wp-json\/wp\/v2\/posts"}],"about":[{"href":"https:\/\/jm-metropole.com.br\/site\/wp-json\/wp\/v2\/types\/post"}],"author":[{"embeddable":true,"href":"https:\/\/jm-metropole.com.br\/site\/wp-json\/wp\/v2\/users\/1"}],"replies":[{"embeddable":true,"href":"https:\/\/jm-metropole.com.br\/site\/wp-json\/wp\/v2\/comments?post=26292"}],"version-history":[{"count":1,"href":"https:\/\/jm-metropole.com.br\/site\/wp-json\/wp\/v2\/posts\/26292\/revisions"}],"predecessor-version":[{"id":26294,"href":"https:\/\/jm-metropole.com.br\/site\/wp-json\/wp\/v2\/posts\/26292\/revisions\/26294"}],"wp:featuredmedia":[{"embeddable":true,"href":"https:\/\/jm-metropole.com.br\/site\/wp-json\/wp\/v2\/media\/26293"}],"wp:attachment":[{"href":"https:\/\/jm-metropole.com.br\/site\/wp-json\/wp\/v2\/media?parent=26292"}],"wp:term":[{"taxonomy":"category","embeddable":true,"href":"https:\/\/jm-metropole.com.br\/site\/wp-json\/wp\/v2\/categories?post=26292"},{"taxonomy":"post_tag","embeddable":true,"href":"https:\/\/jm-metropole.com.br\/site\/wp-json\/wp\/v2\/tags?post=26292"}],"curies":[{"name":"wp","href":"https:\/\/api.w.org\/{rel}","templated":true}]}}