{"id":26289,"date":"2025-07-21T17:38:13","date_gmt":"2025-07-21T20:38:13","guid":{"rendered":"https:\/\/jm-metropole.com.br\/site\/?p=26289"},"modified":"2025-07-21T17:38:13","modified_gmt":"2025-07-21T20:38:13","slug":"vitima-de-cancer-preta-gil-morre-aos-50-anos","status":"publish","type":"post","link":"https:\/\/jm-metropole.com.br\/site\/vitima-de-cancer-preta-gil-morre-aos-50-anos\/","title":{"rendered":"V\u00edtima de c\u00e2ncer, Preta Gil morre aos 50 anos"},"content":{"rendered":"<div class=\"header-noticia full-width\">\n<div class=\"linha-fina-noticia\">A cantora fazia um tratamento nos Estados Unidos<\/div>\n<\/div>\n<div class=\"container-autoria\"><\/div>\n<div>\n<p>A cantora e empres\u00e1ria Preta Gil morreu neste domingo (20) ap\u00f3s lutar contra o c\u00e2ncer.\u00a0Preta Gil estava nos Estados Unidos desde maio fazendo tratamento.<img decoding=\"async\" src=\"https:\/\/agenciabrasil.ebc.com.br\/ebc.png?id=1651414&amp;o=node\" \/><img decoding=\"async\" src=\"https:\/\/agenciabrasil.ebc.com.br\/ebc.gif?id=1651414&amp;o=node\" \/><\/p>\n<p>Pelas redes sociais, a fam\u00edlia divulgou uma nota, lamentando a morte da artista e afirmando que agora cuida dos procedimentos para traz\u00ea-la para ser enterrada no Brasil.<\/p>\n<p>\u201c\u00c9 com tristeza que informamos o falecimento de Preta Maria Gadelha Gil Moreira, em Nova Iorque, onde estamos neste momento cuidando dos procedimentos para sua repatria\u00e7\u00e3o ao Brasil. Pedimos a compreens\u00e3o de tantos queridos amigos, f\u00e3s e profissionais da imprensa enquanto atravessamos esse momento dif\u00edcil em fam\u00edlia. Assim que poss\u00edvel, divulgaremos informa\u00e7\u00f5es sobre as despedidas\u201d, disse a nota, publicada no perfil do seu pai, o tamb\u00e9m m\u00fasico Gilberto Gil.<\/p>\n<p>Ela descobriu o c\u00e2ncer no intestino no in\u00edcio de 2023. O diagn\u00f3stico impediu que seu bloco de carnaval, o Bloco da Preta, sa\u00edsse naquele ano. \u201cEstive nos \u00faltimos seis dias internada na Cl\u00ednica S\u00e3o Vicente, na G\u00e1vea, zona sul do Rio, por conta de um desconforto que vinha sentindo e gra\u00e7as a Deus, hoje recebi um diagn\u00f3stico definitivo. Tenho um adenocarcinoma na por\u00e7\u00e3o final do intestino\u201d, disse ela, em janeiro daquele ano.<\/p>\n<p>Filha do cantor Gilberto Gil com Sandra Gadelha, Preta Maria Gadelha Gil Moreira faria 51 anos em poucos dias, em 8 de agosto. Ela deixa um filho, Francisco Gil.<\/p>\n<p>Dona de uma risada contagiante e um talento que trazia no sangue, ela lan\u00e7ou seu primeiro disco, Pr\u00eat-\u00e0-Porter em 2003. E a capa, onde aparece nua e com partes do corpo cobertas apenas por fitas do Senhor do Bonfim, chamou aten\u00e7\u00e3o da m\u00eddia nacional. Mas sua voz e m\u00fasica acabaram se impondo e ela engatou uma carreira com quatro discos e shows por todo o Brasil, al\u00e9m de participa\u00e7\u00e3o em blocos de carnaval.<\/p>\n<p><a href=\"https:\/\/agenciabrasil.ebc.com.br\/node\/1651448\" target=\"_blank\" rel=\"noopener\"><strong>&gt;&gt;&gt;C\u00e2ncer de intestino que vitimou Preta Gil \u00e9 o 3\u00ba mais comum no pa\u00eds<\/strong><\/a><\/p>\n<h2>Condol\u00eancias<\/h2>\n<p>Tamb\u00e9m pelas redes sociais, o presidente Lula lamentou o falecimento de Preta Gil. O presidente n\u00e3o poupou elogios \u00e0 cantora, a quem chamou de \u201ctalentosa e batalhadora em tudo que fazia\u201d.<\/p>\n<p>\u201cPreta era uma pessoa extremamente querida e admirada pelo p\u00fablico e pelas pessoas que tiveram a felicidade de conviver com ela. Os palcos e os carnavais que ela tanto animou sentir\u00e3o sua falta\u201d, disse Lula. O presidente tamb\u00e9m afirmou que, assim que soube da not\u00edcia, telefonou para Gilberto Gil para oferecer palavras de conforto. Gilberto Gil foi seu ministro da Cultura entre 2003 e 2008.<\/p>\n<p>*Com informa\u00e7\u00f5es de Ag\u00eancia Brasil<\/p>\n<\/div>\n","protected":false},"excerpt":{"rendered":"<p>A cantora fazia um tratamento nos Estados Unidos A cantora e empres\u00e1ria Preta Gil morreu neste domingo (20) ap\u00f3s lutar contra o c\u00e2ncer.\u00a0Preta Gil estava nos Estados Unidos desde maio fazendo tratamento. Pelas redes sociais, a fam\u00edlia divulgou uma nota, lamentando a morte da artista e afirmando que agora cuida dos procedimentos para traz\u00ea-la para [&hellip;]<\/p>\n","protected":false},"author":1,"featured_media":26290,"comment_status":"open","ping_status":"open","sticky":false,"template":"","format":"standard","meta":{"footnotes":""},"categories":[48],"tags":[],"class_list":{"0":"post-26289","1":"post","2":"type-post","3":"status-publish","4":"format-standard","5":"has-post-thumbnail","7":"category-geral"},"_links":{"self":[{"href":"https:\/\/jm-metropole.com.br\/site\/wp-json\/wp\/v2\/posts\/26289","targetHints":{"allow":["GET"]}}],"collection":[{"href":"https:\/\/jm-metropole.com.br\/site\/wp-json\/wp\/v2\/posts"}],"about":[{"href":"https:\/\/jm-metropole.com.br\/site\/wp-json\/wp\/v2\/types\/post"}],"author":[{"embeddable":true,"href":"https:\/\/jm-metropole.com.br\/site\/wp-json\/wp\/v2\/users\/1"}],"replies":[{"embeddable":true,"href":"https:\/\/jm-metropole.com.br\/site\/wp-json\/wp\/v2\/comments?post=26289"}],"version-history":[{"count":1,"href":"https:\/\/jm-metropole.com.br\/site\/wp-json\/wp\/v2\/posts\/26289\/revisions"}],"predecessor-version":[{"id":26291,"href":"https:\/\/jm-metropole.com.br\/site\/wp-json\/wp\/v2\/posts\/26289\/revisions\/26291"}],"wp:featuredmedia":[{"embeddable":true,"href":"https:\/\/jm-metropole.com.br\/site\/wp-json\/wp\/v2\/media\/26290"}],"wp:attachment":[{"href":"https:\/\/jm-metropole.com.br\/site\/wp-json\/wp\/v2\/media?parent=26289"}],"wp:term":[{"taxonomy":"category","embeddable":true,"href":"https:\/\/jm-metropole.com.br\/site\/wp-json\/wp\/v2\/categories?post=26289"},{"taxonomy":"post_tag","embeddable":true,"href":"https:\/\/jm-metropole.com.br\/site\/wp-json\/wp\/v2\/tags?post=26289"}],"curies":[{"name":"wp","href":"https:\/\/api.w.org\/{rel}","templated":true}]}}