{"id":26274,"date":"2025-07-21T07:34:39","date_gmt":"2025-07-21T10:34:39","guid":{"rendered":"https:\/\/jm-metropole.com.br\/site\/?p=26274"},"modified":"2025-07-21T07:34:39","modified_gmt":"2025-07-21T10:34:39","slug":"de-ferias-nos-ceus-atende-mais-de-5-mil-criancas-e-encerra-programacao-com-espetaculo-no-adamastor","status":"publish","type":"post","link":"https:\/\/jm-metropole.com.br\/site\/de-ferias-nos-ceus-atende-mais-de-5-mil-criancas-e-encerra-programacao-com-espetaculo-no-adamastor\/","title":{"rendered":"De F\u00e9rias nos CEUs atende mais de 5 mil crian\u00e7as e encerra programa\u00e7\u00e3o com espet\u00e1culo no Adamastor"},"content":{"rendered":"<p>Crian\u00e7as participantes do projeto De F\u00e9rias nos CEUs nas EPGs Dorcelina de Oliveira Folador e Cora Coralina, e dos CEUs Pimentas e Continental viveram momentos de muita emo\u00e7\u00e3o na tarde desta sexta-feira (18), no encerramento do projeto no Centro Municipal de Educa\u00e7\u00e3o Adamastor. A intensa programa\u00e7\u00e3o que aconteceu ao longo dessa semana, simultaneamente em 27 polos, dos quais 13 CEUs e o Cemear, al\u00e9m de outras 13 escolas abertas para todos os alunos matriculados da rede municipal, alcan\u00e7ou cerca de 5 mil crian\u00e7as durante o recesso escolar. O prefeito Lucas Sanches e o secret\u00e1rio de Educa\u00e7\u00e3o, Silvio Rodrigues, prestigiaram o encerramento.<\/p>\n<p>O complexo do Adamastor recebeu aproximadamente 700 crian\u00e7as que se envolveram em uma s\u00e9rie de atividades recreativas e l\u00fadicas, brincadeiras, gincanas e oficinas, fecharam o dia no teatro, onde assistiram ao espet\u00e1culo &#8220;O M\u00e1gico de Oz e Os Invis\u00edveis&#8221;, com a Cia Cambaio.<\/p>\n<p>&#8220;Passei nos CEUs de diversas regi\u00f5es da cidade, a programa\u00e7\u00e3o aqui no Adamastor tamb\u00e9m est\u00e1 bem legal, estamos felizes que voc\u00eas est\u00e3o gostando, e nas pr\u00f3ximas f\u00e9rias vai ter tamb\u00e9m essa programa\u00e7\u00e3o incr\u00edvel e que possamos sempre ampliar as oportunidades para voc\u00eas se divertirem, combinado?!&#8221;, disse o prefeito Lucas Sanches \u00e0s crian\u00e7as, que responderam ao chefe do executivo com gritos de alegria.<\/p>\n<p>Vivian Alves Ferreira, de 10 anos, veio com sua m\u00e3e, Danielle, e contou que gostou muito da m\u00fasica do Le\u00e3o e da mensagem da pe\u00e7a. \u201cEla fala sobre pessoas diferentes, sobre diversidade, um tema importante porque n\u00e3o podemos tratar as pessoas mal por suas diferen\u00e7as, temos que ter respeito por todos\u201d, explicou a menina.<\/p>\n<p>Miguel Felipe da Silva, 11 anos, estava muito feliz com o passeio e contou que, de todos os dias de f\u00e9rias que passou no CEU Pimentas, o dia de hoje foi ainda mais legal. &#8220;Eu gostei demais de vir de \u00f4nibus com os colegas da escola, cantamos e nos divertimos muito, eu nunca vou esquecer desse dia&#8221;, comemorou.<\/p>\n<p>O projeto De F\u00e9rias nos CEUs tamb\u00e9m destacou a import\u00e2ncia da alimenta\u00e7\u00e3o na inf\u00e2ncia, unindo sa\u00fade, sabor e aprendizado em ambientes plenamente acolhedores e educativos. Ao todo, foram mais de 43 mil refei\u00e7\u00f5es servidas, entre almo\u00e7o e lanche, n\u00fameros que d\u00e3o a dimens\u00e3o da grandiosidade e import\u00e2ncia do projeto.<\/p>\n<p>&#8220;Hoje finalizamos mais uma edi\u00e7\u00e3o de sucesso do De F\u00e9rias nos CEUs, uma experi\u00eancia incr\u00edvel para as crian\u00e7as que vieram prestigiar o espet\u00e1culo da Cia Cambaio aqui no Teatro Adamastor. O projeto \u00e9 de grande import\u00e2ncia para nossos educandos, foi uma semana repleta de muita divers\u00e3o e atividades que aconteceram nos CEUs e nas escolas. Estamos ansiosos pela pr\u00f3xima edi\u00e7\u00e3o&#8221;, revelou Juliana Pontes, gestora do CME Adamastor.<\/p>\n<p>Nesta edi\u00e7\u00e3o, o projeto teve como diferencial o atendimento de crian\u00e7as matriculadas das unidades escolares da rede municipal nas, o que ampliou a participa\u00e7\u00e3o e garantiu ambientes seguros, alimenta\u00e7\u00e3o equilibrada, profissionais e minitorres capacitados e v\u00e1rias atividades divertidas de recrea\u00e7\u00e3o e lazer.<\/p>\n<p>Imagem: Michel Wakin \/ PMG<\/p>\n","protected":false},"excerpt":{"rendered":"<p>Crian\u00e7as participantes do projeto De F\u00e9rias nos CEUs nas EPGs Dorcelina de Oliveira Folador e Cora Coralina, e dos CEUs Pimentas e Continental viveram momentos de muita emo\u00e7\u00e3o na tarde desta sexta-feira (18), no encerramento do projeto no Centro Municipal de Educa\u00e7\u00e3o Adamastor. A intensa programa\u00e7\u00e3o que aconteceu ao longo dessa semana, simultaneamente em 27 [&hellip;]<\/p>\n","protected":false},"author":1,"featured_media":26275,"comment_status":"open","ping_status":"open","sticky":false,"template":"","format":"standard","meta":{"footnotes":""},"categories":[3],"tags":[],"class_list":{"0":"post-26274","1":"post","2":"type-post","3":"status-publish","4":"format-standard","5":"has-post-thumbnail","7":"category-guarulhos"},"_links":{"self":[{"href":"https:\/\/jm-metropole.com.br\/site\/wp-json\/wp\/v2\/posts\/26274","targetHints":{"allow":["GET"]}}],"collection":[{"href":"https:\/\/jm-metropole.com.br\/site\/wp-json\/wp\/v2\/posts"}],"about":[{"href":"https:\/\/jm-metropole.com.br\/site\/wp-json\/wp\/v2\/types\/post"}],"author":[{"embeddable":true,"href":"https:\/\/jm-metropole.com.br\/site\/wp-json\/wp\/v2\/users\/1"}],"replies":[{"embeddable":true,"href":"https:\/\/jm-metropole.com.br\/site\/wp-json\/wp\/v2\/comments?post=26274"}],"version-history":[{"count":1,"href":"https:\/\/jm-metropole.com.br\/site\/wp-json\/wp\/v2\/posts\/26274\/revisions"}],"predecessor-version":[{"id":26276,"href":"https:\/\/jm-metropole.com.br\/site\/wp-json\/wp\/v2\/posts\/26274\/revisions\/26276"}],"wp:featuredmedia":[{"embeddable":true,"href":"https:\/\/jm-metropole.com.br\/site\/wp-json\/wp\/v2\/media\/26275"}],"wp:attachment":[{"href":"https:\/\/jm-metropole.com.br\/site\/wp-json\/wp\/v2\/media?parent=26274"}],"wp:term":[{"taxonomy":"category","embeddable":true,"href":"https:\/\/jm-metropole.com.br\/site\/wp-json\/wp\/v2\/categories?post=26274"},{"taxonomy":"post_tag","embeddable":true,"href":"https:\/\/jm-metropole.com.br\/site\/wp-json\/wp\/v2\/tags?post=26274"}],"curies":[{"name":"wp","href":"https:\/\/api.w.org\/{rel}","templated":true}]}}