{"id":26271,"date":"2025-07-18T13:29:48","date_gmt":"2025-07-18T16:29:48","guid":{"rendered":"https:\/\/jm-metropole.com.br\/site\/?p=26271"},"modified":"2025-07-18T13:29:48","modified_gmt":"2025-07-18T16:29:48","slug":"capital-paulista-tem-queda-de-905-nos-casos-confirmados-de-dengue","status":"publish","type":"post","link":"https:\/\/jm-metropole.com.br\/site\/capital-paulista-tem-queda-de-905-nos-casos-confirmados-de-dengue\/","title":{"rendered":"Capital paulista tem queda de 90,5% nos casos confirmados de dengue"},"content":{"rendered":"<p>A cidade de S\u00e3o Paulo registrou redu\u00e7\u00e3o significativa nos casos de dengue no primeiro semestre do ano. Segundo o painel de monitoramento de arboviroses do Minist\u00e9rio da Sa\u00fade, em compara\u00e7\u00e3o o mesmo per\u00edodo de 2024, a\u00a0<strong>capital teve queda de 90,5% nos casos confirmados.\u00a0<\/strong><img decoding=\"async\" src=\"https:\/\/agenciabrasil.ebc.com.br\/ebc.png?id=1651250&amp;o=node\" \/><img decoding=\"async\" src=\"https:\/\/agenciabrasil.ebc.com.br\/ebc.gif?id=1651250&amp;o=node\" \/><\/p>\n<p>Os dados tamb\u00e9m revelam que a redu\u00e7\u00e3o dos casos na capital foi maior que a m\u00e9dia nacional. A m\u00e9dia nacional teve queda de 78,6% em 2025 na compara\u00e7\u00e3o com o mesmo per\u00edodo do ano passado.<\/p>\n<p><strong>As doen\u00e7as causadas por arboviroses t\u00eam um padr\u00e3o sazonal em que a maioria dos casos se concentra no primeiro semestre do ano.<\/strong><\/p>\n<p>De acordo com a Secretaria Municipal de Sa\u00fade, os meses de fevereiro e abril costumam ter maior n\u00edvel de incid\u00eancia da doen\u00e7a. Neste per\u00edodo, em 2025, os casos confirmados apresentaram uma baixa consider\u00e1vel.<\/p>\n<p>A partir da semana epidemiol\u00f3gica 18 (de 27\/04\/2025 a 3\/05\/2025), a cidade come\u00e7ou a apresentar uma redu\u00e7\u00e3o mais significativa. Desde a semana 14 (de 30\/03\/2025 a 05\/04\/2025), quando foram registrados 4.748 casos, o n\u00famero caiu gradativamente at\u00e9 atingir 509 casos na semana 25 (de 15\/06\/2025 a 21\/06\/2025).<\/p>\n<p>Segundo a Secretaria Municipal de Sa\u00fade, os motivos para a diminui\u00e7\u00e3o de casos do ano passado para este ano foram as a\u00e7\u00f5es de combate contra a doen\u00e7a, que incluem elimina\u00e7\u00e3o de criadouros do mosquito\u00a0<em>Aedes aegypti<\/em>, visitas domiciliares e campanhas sobre o risco da dengue.<\/p>\n<p>Outra medida essencial s\u00e3o as campanhas de vacina\u00e7\u00e3o contra a dengue. Iniciadas em abril de 2024, foram aplicadas 628.286 doses de vacina em todo o pa\u00eds. A cobertura vacinal foi de 61,95% para a primeira dose e 33,18% para a segunda.<\/p>\n<p>A vacina\u00e7\u00e3o est\u00e1 dispon\u00edvel para adolescentes de 10 a 14 anos em todas as Unidades B\u00e1sicas de Sa\u00fade (UBSs), de segunda a sexta-feira, das 7h \u00e0s 19h.<\/p>\n<p>*Com informa\u00e7\u00f5es de Ag\u00eancia Brasil<\/p>\n","protected":false},"excerpt":{"rendered":"<p>A cidade de S\u00e3o Paulo registrou redu\u00e7\u00e3o significativa nos casos de dengue no primeiro semestre do ano. Segundo o painel de monitoramento de arboviroses do Minist\u00e9rio da Sa\u00fade, em compara\u00e7\u00e3o o mesmo per\u00edodo de 2024, a\u00a0capital teve queda de 90,5% nos casos confirmados.\u00a0 Os dados tamb\u00e9m revelam que a redu\u00e7\u00e3o dos casos na capital foi [&hellip;]<\/p>\n","protected":false},"author":1,"featured_media":26272,"comment_status":"open","ping_status":"open","sticky":false,"template":"","format":"standard","meta":{"footnotes":""},"categories":[11],"tags":[],"class_list":{"0":"post-26271","1":"post","2":"type-post","3":"status-publish","4":"format-standard","5":"has-post-thumbnail","7":"category-saude"},"_links":{"self":[{"href":"https:\/\/jm-metropole.com.br\/site\/wp-json\/wp\/v2\/posts\/26271","targetHints":{"allow":["GET"]}}],"collection":[{"href":"https:\/\/jm-metropole.com.br\/site\/wp-json\/wp\/v2\/posts"}],"about":[{"href":"https:\/\/jm-metropole.com.br\/site\/wp-json\/wp\/v2\/types\/post"}],"author":[{"embeddable":true,"href":"https:\/\/jm-metropole.com.br\/site\/wp-json\/wp\/v2\/users\/1"}],"replies":[{"embeddable":true,"href":"https:\/\/jm-metropole.com.br\/site\/wp-json\/wp\/v2\/comments?post=26271"}],"version-history":[{"count":1,"href":"https:\/\/jm-metropole.com.br\/site\/wp-json\/wp\/v2\/posts\/26271\/revisions"}],"predecessor-version":[{"id":26273,"href":"https:\/\/jm-metropole.com.br\/site\/wp-json\/wp\/v2\/posts\/26271\/revisions\/26273"}],"wp:featuredmedia":[{"embeddable":true,"href":"https:\/\/jm-metropole.com.br\/site\/wp-json\/wp\/v2\/media\/26272"}],"wp:attachment":[{"href":"https:\/\/jm-metropole.com.br\/site\/wp-json\/wp\/v2\/media?parent=26271"}],"wp:term":[{"taxonomy":"category","embeddable":true,"href":"https:\/\/jm-metropole.com.br\/site\/wp-json\/wp\/v2\/categories?post=26271"},{"taxonomy":"post_tag","embeddable":true,"href":"https:\/\/jm-metropole.com.br\/site\/wp-json\/wp\/v2\/tags?post=26271"}],"curies":[{"name":"wp","href":"https:\/\/api.w.org\/{rel}","templated":true}]}}