{"id":26262,"date":"2025-07-18T13:15:06","date_gmt":"2025-07-18T16:15:06","guid":{"rendered":"https:\/\/jm-metropole.com.br\/site\/?p=26262"},"modified":"2025-07-18T13:15:06","modified_gmt":"2025-07-18T16:15:06","slug":"politicos-repercutem-operacao-policial-contra-bolsonaro","status":"publish","type":"post","link":"https:\/\/jm-metropole.com.br\/site\/politicos-repercutem-operacao-policial-contra-bolsonaro\/","title":{"rendered":"Pol\u00edticos repercutem opera\u00e7\u00e3o policial contra Bolsonaro"},"content":{"rendered":"<p>A<strong>\u00a0not\u00edcia de que o ex-presidente Jair Bolsonaro foi alvo de busca e apreens\u00e3o pela Pol\u00edcia Federal foi comentada por pol\u00edticos de diferentes correntes nas redes sociais.<\/strong>\u00a0Enquanto opositores ao bolsonarismo comemoraram os mandados e, em especial, o fato de Bolsonaro estar agora obrigado a usar tornozeleira eletr\u00f4nica,\u00a0<strong>familiares e correligion\u00e1rios do ex-presidentes lamentaram esta que, segundo eles, seria uma humilha\u00e7\u00e3o promovida pelo Supremo Tribunal Federal (STF).<\/strong><img decoding=\"async\" src=\"https:\/\/agenciabrasil.ebc.com.br\/ebc.png?id=1651246&amp;o=node\" \/><img decoding=\"async\" src=\"https:\/\/agenciabrasil.ebc.com.br\/ebc.gif?id=1651246&amp;o=node\" \/><\/p>\n<p>Um dos primeiros a se manifestar foi o\u00a0<a href=\"https:\/\/x.com\/lindberghfarias\/status\/1946207880262164926\" target=\"_blank\" rel=\"noopener\"><strong>deputado Lindbergh Farias (PT-RJ)<\/strong><\/a>. O deputado diz que a decis\u00e3o de impor tornozeleira a Jair Bolsonaro teve origem em uma representa\u00e7\u00e3o protocolada pelo pr\u00f3prio Lindbergh contra o filho do ex-presidente, Eduardo Bolsonaro.<\/p>\n<blockquote><p>\u201cAo denunciar a tentativa de Tarc\u00edsio de facilitar a fuga de Jair, refor\u00e7amos a urg\u00eancia da medida cautelar de monitoramento eletr\u00f4nico com tornozeleira. Com base nesses elementos, o ministro Alexandre de Moraes ampliou o escopo do inqu\u00e9rito para incluir Jair Bolsonaro e determinou as medidas cautelares. \u00c9 uma vit\u00f3ria do Estado de Direito contra o golpismo transnacional\u201d, postou o deputado.<\/p><\/blockquote>\n<p><strong>Rival hist\u00f3rica de Bolsonaro, a\u00a0<a href=\"https:\/\/x.com\/mariadorosario\/status\/1946181457707225183\" target=\"_blank\" rel=\"noopener\">deputada Maria do Ros\u00e1rio (PT-RS)<\/a>\u00a0disse que a opera\u00e7\u00e3o de hoje diminui o risco de fuga do ex-presidente acusado de uma s\u00e9rie de crimes. \u201cN\u00e3o d\u00e1 pra deixar esse criminoso fugir. Bolsonaro come\u00e7a a ser responsabilizado por seus crimes contra o Brasil\u201d, disse a deputada.<\/strong><\/p>\n<p>Secret\u00e1rio nacional de Comunica\u00e7\u00e3o do PT e\u00a0<a href=\"https:\/\/x.com\/ptbrasil\/status\/1946202115140960266\" target=\"_blank\" rel=\"noopener\">deputado federal por S\u00e3o Paulo, Jilmar Tatto<\/a>\u00a0postou um v\u00eddeo nas redes sociais de seu partido, no qual comenta a opera\u00e7\u00e3o de busca e apreens\u00e3o na casa de Jair Bolsonaro, em Bras\u00edlia.<\/p>\n<blockquote><p>\u201cN\u00e3o era sem tempo. Confesso que estava agoniado, com receio de ele [Bolsonaro] fugir do pa\u00eds, como o filho dele [Eduardo Bolsonaro] fugiu. Golpista tem que ir para a cadeia\u201d, disse o deputado em meio a agradecimentos ao STF pela iniciativa.<\/p><\/blockquote>\n<p><a href=\"https:\/\/www.whatsapp.com\/channel\/0029VaoRTgrInlqYLSk59B2M\" target=\"_blank\" rel=\"noopener\">&gt;&gt; Siga o canal da\u00a0<strong>Ag\u00eancia Brasil\u00a0<\/strong>no WhatsApp<\/a><\/p>\n<h2>Filhos<\/h2>\n<p>Tamb\u00e9m via redes sociais,\u00a0<a href=\"https:\/\/x.com\/BolsonaroSP\/status\/1946183030546035059\" target=\"_blank\" rel=\"noopener\">Eduardo Bolsonaro<\/a>\u00a0disse que o ministro Alexandre de Moraes, do STF, redobrou a aposta ap\u00f3s a troca de mensagens entre o ex-presidente e Donald Trump.\u00a0<strong>Ele criticou as ordens dadas por Moraes, de colocar as tornozeleiras; e as proibi\u00e7\u00f5es de deslocamento, comunica\u00e7\u00e3o, e de uso de redes sociais.<\/strong><\/p>\n<p>Outro filho do ex-presidente, o\u00a0<a href=\"https:\/\/x.com\/FlavioBolsonaro\/status\/1946190925870325994\" target=\"_blank\" rel=\"noopener\">senador Fl\u00e1vio Bolsonaro (PL-RJ)\u00a0<\/a>disse que\u00a0<strong>\u201ca proposital humilha\u00e7\u00e3o\u201d deixar\u00e1 cicatrizes nele e no pai. \u201cProibir o pai de falar com o pr\u00f3prio filho \u00e9 o maior s\u00edmbolo do \u00f3dio que tomou conta de Alexandre de Moraes\u201d, disse.<\/strong><\/p>\n<p>Em post publicado nas redes sociais o l\u00edder do Partido Liberal (PL) na C\u00e2mara, deputado S\u00f3stenes Cavalcante, lamentou a decis\u00e3o da Justi\u00e7a que determina o uso da tornozeleira eletr\u00f4nica.<\/p>\n<p>O PL tamb\u00e9m divulgou nota e manifestou &#8220;estranheza e rep\u00fadio&#8221; diante da opera\u00e7\u00e3o da PF.\u00a0<strong>Segundo a nota, assinada pelo presidente do partido, Valdemar Costa Neto, Jair Bolsonaro &#8220;sempre esteve \u00e0 disposi\u00e7\u00e3o das autoridades&#8221;.<\/strong><\/p>\n<p>*Com informa\u00e7\u00f5es de Ag\u00eancia Brasil<\/p>\n","protected":false},"excerpt":{"rendered":"<p>A\u00a0not\u00edcia de que o ex-presidente Jair Bolsonaro foi alvo de busca e apreens\u00e3o pela Pol\u00edcia Federal foi comentada por pol\u00edticos de diferentes correntes nas redes sociais.\u00a0Enquanto opositores ao bolsonarismo comemoraram os mandados e, em especial, o fato de Bolsonaro estar agora obrigado a usar tornozeleira eletr\u00f4nica,\u00a0familiares e correligion\u00e1rios do ex-presidentes lamentaram esta que, segundo eles, [&hellip;]<\/p>\n","protected":false},"author":1,"featured_media":26263,"comment_status":"open","ping_status":"open","sticky":false,"template":"","format":"standard","meta":{"footnotes":""},"categories":[1],"tags":[],"class_list":{"0":"post-26262","1":"post","2":"type-post","3":"status-publish","4":"format-standard","5":"has-post-thumbnail","7":"category-tudo"},"_links":{"self":[{"href":"https:\/\/jm-metropole.com.br\/site\/wp-json\/wp\/v2\/posts\/26262","targetHints":{"allow":["GET"]}}],"collection":[{"href":"https:\/\/jm-metropole.com.br\/site\/wp-json\/wp\/v2\/posts"}],"about":[{"href":"https:\/\/jm-metropole.com.br\/site\/wp-json\/wp\/v2\/types\/post"}],"author":[{"embeddable":true,"href":"https:\/\/jm-metropole.com.br\/site\/wp-json\/wp\/v2\/users\/1"}],"replies":[{"embeddable":true,"href":"https:\/\/jm-metropole.com.br\/site\/wp-json\/wp\/v2\/comments?post=26262"}],"version-history":[{"count":1,"href":"https:\/\/jm-metropole.com.br\/site\/wp-json\/wp\/v2\/posts\/26262\/revisions"}],"predecessor-version":[{"id":26264,"href":"https:\/\/jm-metropole.com.br\/site\/wp-json\/wp\/v2\/posts\/26262\/revisions\/26264"}],"wp:featuredmedia":[{"embeddable":true,"href":"https:\/\/jm-metropole.com.br\/site\/wp-json\/wp\/v2\/media\/26263"}],"wp:attachment":[{"href":"https:\/\/jm-metropole.com.br\/site\/wp-json\/wp\/v2\/media?parent=26262"}],"wp:term":[{"taxonomy":"category","embeddable":true,"href":"https:\/\/jm-metropole.com.br\/site\/wp-json\/wp\/v2\/categories?post=26262"},{"taxonomy":"post_tag","embeddable":true,"href":"https:\/\/jm-metropole.com.br\/site\/wp-json\/wp\/v2\/tags?post=26262"}],"curies":[{"name":"wp","href":"https:\/\/api.w.org\/{rel}","templated":true}]}}