{"id":26256,"date":"2025-07-18T09:48:44","date_gmt":"2025-07-18T12:48:44","guid":{"rendered":"https:\/\/jm-metropole.com.br\/site\/?p=26256"},"modified":"2025-07-18T09:48:44","modified_gmt":"2025-07-18T12:48:44","slug":"festival-de-inverno-guararema-2025-reforca-integracao-social-e-valorizacao-da-arte-local","status":"publish","type":"post","link":"https:\/\/jm-metropole.com.br\/site\/festival-de-inverno-guararema-2025-reforca-integracao-social-e-valorizacao-da-arte-local\/","title":{"rendered":"Festival de Inverno Guararema 2025 refor\u00e7a integra\u00e7\u00e3o social e valoriza\u00e7\u00e3o da arte local"},"content":{"rendered":"<p>Evento amplia a\u00e7\u00f5es de solidariedade e inaugura espa\u00e7o dedicado \u00e0 cer\u00e2mica produzida por artistas da cidade no Recanto do Am\u00e9rico<\/p>\n<p>Com in\u00edcio no dia 9 de julho e programa\u00e7\u00e3o at\u00e9 10 de agosto, o Festival de Inverno Guararema 2025 consolida-se como um importante polo cultural e social da regi\u00e3o. Tendo como endere\u00e7o principal o Recanto do Am\u00e9rico (Pau D\u2019Alho), o evento une gastronomia, arte e iniciativas que fortalecem a rede de apoio \u00e0s fam\u00edlias em situa\u00e7\u00e3o de vulnerabilidade.<\/p>\n<p>Entre as iniciativas que unem entretenimento e solidariedade, dois cont\u00eaineres do espa\u00e7o gastron\u00f4mico \u2014 um de chopp artesanal e outro de churros e bubble waffle \u2014 destinam parte do faturamento ao Fundo Social de Solidariedade de Guararema.<\/p>\n<p>A campanha \u201ccomprando aqui voc\u00ea ajuda o Fundo Social\u201d identifica os pontos de venda que participam da a\u00e7\u00e3o, cujo objetivo \u00e9 arrecadar recursos para a manuten\u00e7\u00e3o de programas e atividades voltados \u00e0s fam\u00edlias em situa\u00e7\u00e3o de vulnerabilidade.<\/p>\n<p>\u201cCom essas iniciativas no Festival de Inverno Guararema 2025 reafirmamos o nosso compromisso com a valoriza\u00e7\u00e3o da cultura e o fortalecimento de pol\u00edticas p\u00fablicas sociais, promovendo experi\u00eancias que v\u00e3o al\u00e9m do lazer e deixam um impacto positivo na cidade\u201d, afirma o prefeito de Guararema, o Z\u00e9.<\/p>\n<p>Al\u00e9m disso, o Recanto do Am\u00e9rico (Pau D\u2019Alho) conta neste ano com uma novidade: a Loja de Cer\u00e2micas, espa\u00e7o exclusivo que re\u00fane pe\u00e7as produzidas por ceramistas da cidade. Participam do projeto os mesmos artistas contemplados no Festival Arte em Cer\u00e2mica da Vila de Lu\u00eds Carlos, evento j\u00e1 consolidado no calend\u00e1rio cultural de Guararema. As pe\u00e7as, todas autorais, refletem a identidade e o talento dos profissionais locais, oferecendo ao p\u00fablico a oportunidade de adquirir produtos \u00fanicos e feitos \u00e0 m\u00e3o.<\/p>\n","protected":false},"excerpt":{"rendered":"<p>Evento amplia a\u00e7\u00f5es de solidariedade e inaugura espa\u00e7o dedicado \u00e0 cer\u00e2mica produzida por artistas da cidade no Recanto do Am\u00e9rico Com in\u00edcio no dia 9 de julho e programa\u00e7\u00e3o at\u00e9 10 de agosto, o Festival de Inverno Guararema 2025 consolida-se como um importante polo cultural e social da regi\u00e3o. Tendo como endere\u00e7o principal o Recanto [&hellip;]<\/p>\n","protected":false},"author":1,"featured_media":26257,"comment_status":"open","ping_status":"open","sticky":false,"template":"","format":"standard","meta":{"footnotes":""},"categories":[8],"tags":[],"class_list":{"0":"post-26256","1":"post","2":"type-post","3":"status-publish","4":"format-standard","5":"has-post-thumbnail","7":"category-guararema"},"_links":{"self":[{"href":"https:\/\/jm-metropole.com.br\/site\/wp-json\/wp\/v2\/posts\/26256","targetHints":{"allow":["GET"]}}],"collection":[{"href":"https:\/\/jm-metropole.com.br\/site\/wp-json\/wp\/v2\/posts"}],"about":[{"href":"https:\/\/jm-metropole.com.br\/site\/wp-json\/wp\/v2\/types\/post"}],"author":[{"embeddable":true,"href":"https:\/\/jm-metropole.com.br\/site\/wp-json\/wp\/v2\/users\/1"}],"replies":[{"embeddable":true,"href":"https:\/\/jm-metropole.com.br\/site\/wp-json\/wp\/v2\/comments?post=26256"}],"version-history":[{"count":1,"href":"https:\/\/jm-metropole.com.br\/site\/wp-json\/wp\/v2\/posts\/26256\/revisions"}],"predecessor-version":[{"id":26258,"href":"https:\/\/jm-metropole.com.br\/site\/wp-json\/wp\/v2\/posts\/26256\/revisions\/26258"}],"wp:featuredmedia":[{"embeddable":true,"href":"https:\/\/jm-metropole.com.br\/site\/wp-json\/wp\/v2\/media\/26257"}],"wp:attachment":[{"href":"https:\/\/jm-metropole.com.br\/site\/wp-json\/wp\/v2\/media?parent=26256"}],"wp:term":[{"taxonomy":"category","embeddable":true,"href":"https:\/\/jm-metropole.com.br\/site\/wp-json\/wp\/v2\/categories?post=26256"},{"taxonomy":"post_tag","embeddable":true,"href":"https:\/\/jm-metropole.com.br\/site\/wp-json\/wp\/v2\/tags?post=26256"}],"curies":[{"name":"wp","href":"https:\/\/api.w.org\/{rel}","templated":true}]}}