{"id":26250,"date":"2025-07-18T06:48:36","date_gmt":"2025-07-18T09:48:36","guid":{"rendered":"https:\/\/jm-metropole.com.br\/site\/?p=26250"},"modified":"2025-07-18T06:48:36","modified_gmt":"2025-07-18T09:48:36","slug":"casa-branca-responde-declaracao-de-lula-sobre-trump","status":"publish","type":"post","link":"https:\/\/jm-metropole.com.br\/site\/casa-branca-responde-declaracao-de-lula-sobre-trump\/","title":{"rendered":"Casa Branca responde declara\u00e7\u00e3o de Lula sobre Trump"},"content":{"rendered":"<div class=\"header-noticia full-width\">\n<div class=\"linha-fina-noticia\">Porta-voz nega que Trump est\u00e1 tentando &#8220;ser imperador do mundo&#8221;<\/div>\n<\/div>\n<div class=\"container-autoria\"><\/div>\n<div>\n<p>A\u00a0<strong>Casa Branca disse nesta quinta-feira (17) que o presidente dos Estados Unidos, Donald Trump, &#8220;n\u00e3o est\u00e1 tentando ser o imperador do mundo&#8221;<\/strong>. A declara\u00e7\u00e3o foi feita pela porta-voz do governo, Karoline Leavitt, em resposta \u00e0s cr\u00edticas do presidente Luiz In\u00e1cio Lula da Silva.\u00a0<img decoding=\"async\" src=\"https:\/\/agenciabrasil.ebc.com.br\/ebc.png?id=1651205&amp;o=node\" \/><img decoding=\"async\" src=\"https:\/\/agenciabrasil.ebc.com.br\/ebc.gif?id=1651205&amp;o=node\" \/><\/p>\n<p>Em entrevista \u00e0 CNN Internacional,<strong>\u00a0Lula\u00a0<a href=\"https:\/\/agenciabrasil.ebc.com.br\/internacional\/noticia\/2025-07\/brasil-nao-aceitara-nada-que-lhe-seja-imposto-diz-lula-a-tv-americana\" target=\"_blank\" rel=\"noopener\">disse que Trump foi eleito para governar os Estados Unidos, e n\u00e3o para governar o mundo<\/a>, ser o &#8220;imperador do mundo&#8221;<\/strong>. Na mesma entrevista, Lula afirmou que o Brasil est\u00e1 disposto a negociar com os norte-americanos, mas que o pa\u00eds &#8220;n\u00e3o aceitar\u00e1 nada que lhe seja imposto&#8221;.<\/p>\n<p>Na Casa Branca, a<strong>\u00a0porta-voz afirmou que Trump \u00e9 um &#8220;presidente forte&#8221; e &#8220;l\u00edder do mundo livre&#8221;<\/strong>.<\/p>\n<p>Sobre as taxas de 50% impostas aos produtos brasileiros, ela respondeu que as regula\u00e7\u00f5es digitais, a aus\u00eancia de prote\u00e7\u00e3o da propriedade intelectual e as regras ambientais brasileiras t\u00eam prejudicado empresas e o agroneg\u00f3cio dos Estados Unidos.<\/p>\n<p>Na \u00faltima ter\u00e7a-feira (15), os\u00a0<a href=\"https:\/\/agenciabrasil.ebc.com.br\/internacional\/noticia\/2025-07\/eua-abrem-investigacao-sobre-praticas-comerciais-do-brasil\" target=\"_blank\" rel=\"noopener\">Estados Unidos iniciaram\u00a0uma investiga\u00e7\u00e3o sobre pr\u00e1ticas comerciais do Brasil<\/a>, que alegam ser &#8220;injustas&#8221;, como o\u00a0servi\u00e7o\u00a0de pagamento eletr\u00f4nico (Pix).\u00a0A medida foi anunciada\u00a0depois de o presidente Donald Trump\u00a0amea\u00e7ar impor uma tarifa de 50%\u00a0sobre as importa\u00e7\u00f5es brasileiras a partir de 1\u00ba de agosto.<\/p>\n<p>O Pix\u00a0virou alvo de\u00a0investiga\u00e7\u00e3o comercial\u00a0pelo governo de Donald Trump, sob o pretexto de que criaria desvantagem competitiva para empresas do setor financeiro,\u00a0como bandeiras internacionais de cart\u00e3o de cr\u00e9dito. Al\u00e9m do Pix, os Estados Unidos questionam o desmatamento, a corrup\u00e7\u00e3o e o tratamento dado a algumas\u00a0big techs\u00a0(grandes empresas de tecnologia).<\/p>\n<p>O governo brasileiro montou um comit\u00ea, com representantes da ind\u00fastria e demais setores econ\u00f4micos, para buscar solu\u00e7\u00f5es e reverter a taxa\u00e7\u00e3o. O presidente Lula j\u00e1 afirmou que, se necess\u00e1rio, poder\u00e1 recorrer \u00e0\u00a0Lei de Reciprocidade,\u00a0que autoriza o governo brasileiro a adotar medidas comerciais contra pa\u00edses que imponham barreiras unilaterais aos produtos do Brasil, ou seja, permitindo o Brasil a taxar de volta os produtos norte-americanos.<\/p>\n<p>*Com informa\u00e7\u00f5es de Ag\u00eancia Brasil<\/p>\n<\/div>\n","protected":false},"excerpt":{"rendered":"<p>Porta-voz nega que Trump est\u00e1 tentando &#8220;ser imperador do mundo&#8221; A\u00a0Casa Branca disse nesta quinta-feira (17) que o presidente dos Estados Unidos, Donald Trump, &#8220;n\u00e3o est\u00e1 tentando ser o imperador do mundo&#8221;. A declara\u00e7\u00e3o foi feita pela porta-voz do governo, Karoline Leavitt, em resposta \u00e0s cr\u00edticas do presidente Luiz In\u00e1cio Lula da Silva.\u00a0 Em entrevista [&hellip;]<\/p>\n","protected":false},"author":1,"featured_media":26251,"comment_status":"open","ping_status":"open","sticky":false,"template":"","format":"standard","meta":{"footnotes":""},"categories":[30],"tags":[],"class_list":{"0":"post-26250","1":"post","2":"type-post","3":"status-publish","4":"format-standard","5":"has-post-thumbnail","7":"category-internacional"},"_links":{"self":[{"href":"https:\/\/jm-metropole.com.br\/site\/wp-json\/wp\/v2\/posts\/26250","targetHints":{"allow":["GET"]}}],"collection":[{"href":"https:\/\/jm-metropole.com.br\/site\/wp-json\/wp\/v2\/posts"}],"about":[{"href":"https:\/\/jm-metropole.com.br\/site\/wp-json\/wp\/v2\/types\/post"}],"author":[{"embeddable":true,"href":"https:\/\/jm-metropole.com.br\/site\/wp-json\/wp\/v2\/users\/1"}],"replies":[{"embeddable":true,"href":"https:\/\/jm-metropole.com.br\/site\/wp-json\/wp\/v2\/comments?post=26250"}],"version-history":[{"count":1,"href":"https:\/\/jm-metropole.com.br\/site\/wp-json\/wp\/v2\/posts\/26250\/revisions"}],"predecessor-version":[{"id":26252,"href":"https:\/\/jm-metropole.com.br\/site\/wp-json\/wp\/v2\/posts\/26250\/revisions\/26252"}],"wp:featuredmedia":[{"embeddable":true,"href":"https:\/\/jm-metropole.com.br\/site\/wp-json\/wp\/v2\/media\/26251"}],"wp:attachment":[{"href":"https:\/\/jm-metropole.com.br\/site\/wp-json\/wp\/v2\/media?parent=26250"}],"wp:term":[{"taxonomy":"category","embeddable":true,"href":"https:\/\/jm-metropole.com.br\/site\/wp-json\/wp\/v2\/categories?post=26250"},{"taxonomy":"post_tag","embeddable":true,"href":"https:\/\/jm-metropole.com.br\/site\/wp-json\/wp\/v2\/tags?post=26250"}],"curies":[{"name":"wp","href":"https:\/\/api.w.org\/{rel}","templated":true}]}}