{"id":26239,"date":"2025-07-17T18:14:24","date_gmt":"2025-07-17T21:14:24","guid":{"rendered":"https:\/\/jm-metropole.com.br\/site\/?p=26239"},"modified":"2025-07-17T18:14:24","modified_gmt":"2025-07-17T21:14:24","slug":"mais-de-380-se-formam-em-cerimonia-marcada-por-emocao-em-itaqua","status":"publish","type":"post","link":"https:\/\/jm-metropole.com.br\/site\/mais-de-380-se-formam-em-cerimonia-marcada-por-emocao-em-itaqua\/","title":{"rendered":"Mais de 380 se formam em cerim\u00f4nia marcada por emo\u00e7\u00e3o em Itaqu\u00e1"},"content":{"rendered":"<p>Evento da Casa da Mulher e do ProJovem reuniu familiares, autoridades e convidados<\/p>\n<p>A noite de quarta-feira (16) foi marcada por emo\u00e7\u00e3o, aplausos e hist\u00f3rias de supera\u00e7\u00e3o em Itaquaquecetuba. A cerim\u00f4nia de formatura conjunta da Casa da Mulher e do ProJovem reuniu 384 formandos que conclu\u00edram cursos de qualifica\u00e7\u00e3o e profissionaliza\u00e7\u00e3o no primeiro semestre do ano.<\/p>\n<p>O evento aconteceu no Centro de Conviv\u00eancia da Melhor Idade (CEMI) e contou com a presen\u00e7a de familiares, educadores, autoridades e representantes da rede de apoio \u00e0s pol\u00edticas p\u00fablicas para mulheres e juventude.<\/p>\n<p>Pela Casa da Mulher, foram 221 mulheres formadas em cursos de beleza, culin\u00e1ria e bem-estar at\u00e9 \u00e1reas como empreendedorismo e moda. J\u00e1 o ProJovem formou 163 estudantes em \u00e1reas com alta demanda no mercado como intelig\u00eancia artificial, pilotagem de drones, programa\u00e7\u00e3o web, design gr\u00e1fico e social media.<\/p>\n<p>\u201cEssa formatura \u00e9 a prova de que quando uma pessoa recebe uma boa oportunidade, ela voa. S\u00e3o hist\u00f3rias de supera\u00e7\u00e3o, coragem e transforma\u00e7\u00e3o que agora se multiplicam\u201d, destacou a secret\u00e1ria da Mulher, Direitos Humanos e Cidadania, Hadla Issa.<\/p>\n<p>As forma\u00e7\u00f5es fazem parte da pol\u00edtica municipal de inclus\u00e3o produtiva, que visa ampliar a autonomia financeira e o protagonismo de mulheres e jovens por meio da educa\u00e7\u00e3o pr\u00e1tica, acess\u00edvel e conectada \u00e0s tend\u00eancias do mercado.<\/p>\n<p>\u201cA Casa da Mulher \u00e9 um lugar de acolhimento e empoderamento. Ver essas mulheres se formando com brilho nos olhos \u00e9 motivo de orgulho. Elas saem daqui com autoestima renovada e prontas para empreender ou conquistar uma vaga de trabalho. J\u00e1 os jovens s\u00e3o o nosso futuro e est\u00e3o capacitados para descobrir o mundo. Estou muito feliz com as conquistas que estamos alcan\u00e7ando\u201d, afirmou a primeira-dama e presidente do Fundo Social, Mila Boigues.<\/p>\n<p>Durante a cerim\u00f4nia, cada formando recebeu o certificado e foi homenageado por educadores e familiares. O clima foi de celebra\u00e7\u00e3o, refor\u00e7ando a import\u00e2ncia da educa\u00e7\u00e3o como ferramenta de transforma\u00e7\u00e3o social.<\/p>\n<p>\u201cEduca\u00e7\u00e3o \u00e9 poder e \u00e9 isso que estamos oferecendo: oportunidade real de crescimento, gera\u00e7\u00e3o de renda e mudan\u00e7a de vida. Parab\u00e9ns a todos os formandos. Voc\u00eas s\u00e3o o presente e o futuro de uma Itaquaquecetuba mais justa e cheia de possibilidades\u201d, concluiu o prefeito Eduardo Boigues.<\/p>\n<p>Fotos: Dayane Oliveira<\/p>\n","protected":false},"excerpt":{"rendered":"<p>Evento da Casa da Mulher e do ProJovem reuniu familiares, autoridades e convidados A noite de quarta-feira (16) foi marcada por emo\u00e7\u00e3o, aplausos e hist\u00f3rias de supera\u00e7\u00e3o em Itaquaquecetuba. A cerim\u00f4nia de formatura conjunta da Casa da Mulher e do ProJovem reuniu 384 formandos que conclu\u00edram cursos de qualifica\u00e7\u00e3o e profissionaliza\u00e7\u00e3o no primeiro semestre do [&hellip;]<\/p>\n","protected":false},"author":1,"featured_media":26240,"comment_status":"open","ping_status":"open","sticky":false,"template":"","format":"standard","meta":{"footnotes":""},"categories":[6],"tags":[],"class_list":{"0":"post-26239","1":"post","2":"type-post","3":"status-publish","4":"format-standard","5":"has-post-thumbnail","7":"category-itaqua"},"_links":{"self":[{"href":"https:\/\/jm-metropole.com.br\/site\/wp-json\/wp\/v2\/posts\/26239","targetHints":{"allow":["GET"]}}],"collection":[{"href":"https:\/\/jm-metropole.com.br\/site\/wp-json\/wp\/v2\/posts"}],"about":[{"href":"https:\/\/jm-metropole.com.br\/site\/wp-json\/wp\/v2\/types\/post"}],"author":[{"embeddable":true,"href":"https:\/\/jm-metropole.com.br\/site\/wp-json\/wp\/v2\/users\/1"}],"replies":[{"embeddable":true,"href":"https:\/\/jm-metropole.com.br\/site\/wp-json\/wp\/v2\/comments?post=26239"}],"version-history":[{"count":1,"href":"https:\/\/jm-metropole.com.br\/site\/wp-json\/wp\/v2\/posts\/26239\/revisions"}],"predecessor-version":[{"id":26241,"href":"https:\/\/jm-metropole.com.br\/site\/wp-json\/wp\/v2\/posts\/26239\/revisions\/26241"}],"wp:featuredmedia":[{"embeddable":true,"href":"https:\/\/jm-metropole.com.br\/site\/wp-json\/wp\/v2\/media\/26240"}],"wp:attachment":[{"href":"https:\/\/jm-metropole.com.br\/site\/wp-json\/wp\/v2\/media?parent=26239"}],"wp:term":[{"taxonomy":"category","embeddable":true,"href":"https:\/\/jm-metropole.com.br\/site\/wp-json\/wp\/v2\/categories?post=26239"},{"taxonomy":"post_tag","embeddable":true,"href":"https:\/\/jm-metropole.com.br\/site\/wp-json\/wp\/v2\/tags?post=26239"}],"curies":[{"name":"wp","href":"https:\/\/api.w.org\/{rel}","templated":true}]}}