{"id":26236,"date":"2025-07-17T18:13:07","date_gmt":"2025-07-17T21:13:07","guid":{"rendered":"https:\/\/jm-metropole.com.br\/site\/?p=26236"},"modified":"2025-07-17T18:13:07","modified_gmt":"2025-07-17T21:13:07","slug":"prefeitura-inaugura-nucleo-do-idoso-na-cidade-satelite-com-atendimento-humanizado-e-atividades-diversificadas","status":"publish","type":"post","link":"https:\/\/jm-metropole.com.br\/site\/prefeitura-inaugura-nucleo-do-idoso-na-cidade-satelite-com-atendimento-humanizado-e-atividades-diversificadas\/","title":{"rendered":"Prefeitura inaugura N\u00facleo do Idoso na Cidade Sat\u00e9lite com atendimento humanizado e atividades diversificadas"},"content":{"rendered":"<p>A Prefeitura de Guarulhos, por meio da Secretaria de Desenvolvimento e Assist\u00eancia Social, inaugura nesta sexta-feira (18), \u00e0s 10h, mais um importante espa\u00e7o voltado \u00e0 popula\u00e7\u00e3o com mais de 60 anos: o novo N\u00facleo do Idoso, localizado na rua dos Jesu\u00edtas, 483, na Cidade Sat\u00e9lite. A iniciativa ressalta o compromisso da administra\u00e7\u00e3o municipal com o cuidado e o bem-estar da terceira idade.<\/p>\n<p>O novo n\u00facleo faz parte do projeto 60+, coordenado pela Subsecretaria do Idoso, que hoje conta com cerca de 2.500 participantes inscritos em seus polos. O espa\u00e7o foi pensado para oferecer atendimento mais pr\u00f3ximo e humanizado, com salas adaptadas para diferentes atividades e grupos reduzidos, garantindo qualidade e aten\u00e7\u00e3o individualizada.<\/p>\n<p>Entre os ambientes dispon\u00edveis, est\u00e3o:<\/p>\n<p>&#8211; Sala multifuncional, com aulas de pilates, gin\u00e1stica e atividades funcionais para grupos de at\u00e9 8 pessoas;<\/p>\n<p>&#8211; Sala de inclus\u00e3o digital, com atendimentos para at\u00e9 4 idosos por vez, onde ser\u00e3o ensinados a utilizar celular e computador;<\/p>\n<p>&#8211; Sala de conviv\u00eancia, com aulas de memoriza\u00e7\u00e3o, canto e socializa\u00e7\u00e3o, tamb\u00e9m com grupos de 8 idosos;<\/p>\n<p>&#8211; Sala de atendimento digitalizado, para servi\u00e7os como medi\u00e7\u00e3o de press\u00e3o arterial e glicemia, al\u00e9m de atendimento com psic\u00f3logo e assistente social;<\/p>\n<p>Na \u00e1rea externa ser\u00e1 oferecido um espa\u00e7o para as aulas regulares do programa 60+, promovendo sa\u00fade e intera\u00e7\u00e3o social.<\/p>\n<p>A expectativa \u00e9 de que o novo N\u00facleo atenda de 300 a 400 idosos da regi\u00e3o, com atividades di\u00e1rias de segunda a sexta-feira, somadas \u00e0s a\u00e7\u00f5es j\u00e1 desenvolvidas pelos polos do 60+.<\/p>\n<p>Imagem: N\u00edcollas Ornelas\/PMG<\/p>\n","protected":false},"excerpt":{"rendered":"<p>A Prefeitura de Guarulhos, por meio da Secretaria de Desenvolvimento e Assist\u00eancia Social, inaugura nesta sexta-feira (18), \u00e0s 10h, mais um importante espa\u00e7o voltado \u00e0 popula\u00e7\u00e3o com mais de 60 anos: o novo N\u00facleo do Idoso, localizado na rua dos Jesu\u00edtas, 483, na Cidade Sat\u00e9lite. A iniciativa ressalta o compromisso da administra\u00e7\u00e3o municipal com o [&hellip;]<\/p>\n","protected":false},"author":1,"featured_media":26237,"comment_status":"open","ping_status":"open","sticky":false,"template":"","format":"standard","meta":{"footnotes":""},"categories":[3],"tags":[],"class_list":{"0":"post-26236","1":"post","2":"type-post","3":"status-publish","4":"format-standard","5":"has-post-thumbnail","7":"category-guarulhos"},"_links":{"self":[{"href":"https:\/\/jm-metropole.com.br\/site\/wp-json\/wp\/v2\/posts\/26236","targetHints":{"allow":["GET"]}}],"collection":[{"href":"https:\/\/jm-metropole.com.br\/site\/wp-json\/wp\/v2\/posts"}],"about":[{"href":"https:\/\/jm-metropole.com.br\/site\/wp-json\/wp\/v2\/types\/post"}],"author":[{"embeddable":true,"href":"https:\/\/jm-metropole.com.br\/site\/wp-json\/wp\/v2\/users\/1"}],"replies":[{"embeddable":true,"href":"https:\/\/jm-metropole.com.br\/site\/wp-json\/wp\/v2\/comments?post=26236"}],"version-history":[{"count":1,"href":"https:\/\/jm-metropole.com.br\/site\/wp-json\/wp\/v2\/posts\/26236\/revisions"}],"predecessor-version":[{"id":26238,"href":"https:\/\/jm-metropole.com.br\/site\/wp-json\/wp\/v2\/posts\/26236\/revisions\/26238"}],"wp:featuredmedia":[{"embeddable":true,"href":"https:\/\/jm-metropole.com.br\/site\/wp-json\/wp\/v2\/media\/26237"}],"wp:attachment":[{"href":"https:\/\/jm-metropole.com.br\/site\/wp-json\/wp\/v2\/media?parent=26236"}],"wp:term":[{"taxonomy":"category","embeddable":true,"href":"https:\/\/jm-metropole.com.br\/site\/wp-json\/wp\/v2\/categories?post=26236"},{"taxonomy":"post_tag","embeddable":true,"href":"https:\/\/jm-metropole.com.br\/site\/wp-json\/wp\/v2\/tags?post=26236"}],"curies":[{"name":"wp","href":"https:\/\/api.w.org\/{rel}","templated":true}]}}