{"id":26224,"date":"2025-07-17T12:52:27","date_gmt":"2025-07-17T15:52:27","guid":{"rendered":"https:\/\/jm-metropole.com.br\/site\/?p=26224"},"modified":"2025-07-17T12:52:27","modified_gmt":"2025-07-17T15:52:27","slug":"itaqua-arrecada-garrafas-pet-para-oficinas-de-ecobrinquedos-nos-cras","status":"publish","type":"post","link":"https:\/\/jm-metropole.com.br\/site\/itaqua-arrecada-garrafas-pet-para-oficinas-de-ecobrinquedos-nos-cras\/","title":{"rendered":"Itaqu\u00e1 arrecada garrafas PET para oficinas de ecobrinquedos nos CRAS"},"content":{"rendered":"<p>A\u00e7\u00e3o busca estimular consci\u00eancia ambiental e criatividade nas f\u00e9rias escolares<\/p>\n<p>A Secretaria de Meio Ambiente de Itaquaquecetuba, em parceria com a Secretaria de Assist\u00eancia Social, est\u00e1 promovendo uma campanha de arrecada\u00e7\u00e3o de garrafas PET para serem transformadas em ecobrinquedos. A iniciativa visa estimular a criatividade e a conscientiza\u00e7\u00e3o ambiental entre as crian\u00e7as nas oficinas que acontecer\u00e3o nos CRAS durante as f\u00e9rias escolares.<\/p>\n<p>Est\u00e3o sendo aceitas garrafas de diferentes formatos, tamanhos, espessuras e cores, incluindo as transparentes, verdes e multicoloridas. As doa\u00e7\u00f5es podem ser feitas at\u00e9 a pr\u00f3xima quinta-feira (24), das 8h \u00e0s 17h, na sede da Secretaria de Meio Ambiente, localizada na rua Vereador Jos\u00e9 Barbosa de Ara\u00fajo, 260, 3\u00ba andar, na Vila Virg\u00ednia, ou nos CRAS.<\/p>\n<p>\u201cAo reutilizar materiais recicl\u00e1veis, a atividade n\u00e3o s\u00f3 reduz a quantidade de res\u00edduos nas ruas como tamb\u00e9m incentiva as crian\u00e7as a pensarem de forma sustent\u00e1vel e criativa. Com essa iniciativa, podem se divertir, levar ideias para casa e para a escola, promovendo uma cultura de responsabilidade ambiental desde cedo\u201d, destacou a secret\u00e1ria de Meio Ambiente, Yasmim Zampieri.<\/p>\n<p>As oficinas t\u00eam dura\u00e7\u00e3o de uma hora, sendo que a primeira ser\u00e1 na pr\u00f3xima segunda (21), \u00e0s 10h, no Morro Branco (av. \u00cdtalo Adami, 2.023), na ter\u00e7a (22), \u00e0s 10h30, no Paineira (rua Serra dos Caraj\u00e1s, 570), na quarta (23), \u00e0s 10h, no Recanto M\u00f4nica (rua Gov. Ademar Pereira de Barros, 222), na quinta (24), tamb\u00e9m \u00e0s 10h, no Caiuby (rua Ribeir\u00e3o Preto, 9) e na sexta (25), \u00e0s 9h30, no Quinta da Boa Vista (estrada de S\u00e3o Bento, 1.691).<\/p>\n<p>Os interessados podem se inscrever na unidade mais pr\u00f3xima de sua resid\u00eancia. \u201cEssa \u00e9 uma atividade estrat\u00e9gia e abrangente que alia educa\u00e7\u00e3o ambiental, criatividade, integra\u00e7\u00e3o comunit\u00e1ria e consumo consciente. A iniciativa transforma os materiais que seriam descartados em objetos valiosos para as crian\u00e7as, assegurando a continuidade de uma pr\u00e1tica sustent\u00e1vel\u201d, finalizou o prefeito Eduardo Boigues.<\/p>\n<p>Fotos: Aline Sabino<\/p>\n","protected":false},"excerpt":{"rendered":"<p>A\u00e7\u00e3o busca estimular consci\u00eancia ambiental e criatividade nas f\u00e9rias escolares A Secretaria de Meio Ambiente de Itaquaquecetuba, em parceria com a Secretaria de Assist\u00eancia Social, est\u00e1 promovendo uma campanha de arrecada\u00e7\u00e3o de garrafas PET para serem transformadas em ecobrinquedos. A iniciativa visa estimular a criatividade e a conscientiza\u00e7\u00e3o ambiental entre as crian\u00e7as nas oficinas que [&hellip;]<\/p>\n","protected":false},"author":1,"featured_media":26225,"comment_status":"open","ping_status":"open","sticky":false,"template":"","format":"standard","meta":{"footnotes":""},"categories":[6],"tags":[],"class_list":{"0":"post-26224","1":"post","2":"type-post","3":"status-publish","4":"format-standard","5":"has-post-thumbnail","7":"category-itaqua"},"_links":{"self":[{"href":"https:\/\/jm-metropole.com.br\/site\/wp-json\/wp\/v2\/posts\/26224","targetHints":{"allow":["GET"]}}],"collection":[{"href":"https:\/\/jm-metropole.com.br\/site\/wp-json\/wp\/v2\/posts"}],"about":[{"href":"https:\/\/jm-metropole.com.br\/site\/wp-json\/wp\/v2\/types\/post"}],"author":[{"embeddable":true,"href":"https:\/\/jm-metropole.com.br\/site\/wp-json\/wp\/v2\/users\/1"}],"replies":[{"embeddable":true,"href":"https:\/\/jm-metropole.com.br\/site\/wp-json\/wp\/v2\/comments?post=26224"}],"version-history":[{"count":1,"href":"https:\/\/jm-metropole.com.br\/site\/wp-json\/wp\/v2\/posts\/26224\/revisions"}],"predecessor-version":[{"id":26226,"href":"https:\/\/jm-metropole.com.br\/site\/wp-json\/wp\/v2\/posts\/26224\/revisions\/26226"}],"wp:featuredmedia":[{"embeddable":true,"href":"https:\/\/jm-metropole.com.br\/site\/wp-json\/wp\/v2\/media\/26225"}],"wp:attachment":[{"href":"https:\/\/jm-metropole.com.br\/site\/wp-json\/wp\/v2\/media?parent=26224"}],"wp:term":[{"taxonomy":"category","embeddable":true,"href":"https:\/\/jm-metropole.com.br\/site\/wp-json\/wp\/v2\/categories?post=26224"},{"taxonomy":"post_tag","embeddable":true,"href":"https:\/\/jm-metropole.com.br\/site\/wp-json\/wp\/v2\/tags?post=26224"}],"curies":[{"name":"wp","href":"https:\/\/api.w.org\/{rel}","templated":true}]}}