{"id":26212,"date":"2025-07-16T11:54:49","date_gmt":"2025-07-16T14:54:49","guid":{"rendered":"https:\/\/jm-metropole.com.br\/site\/?p=26212"},"modified":"2025-07-16T11:54:49","modified_gmt":"2025-07-16T14:54:49","slug":"alckmin-diz-que-governo-tentara-acordo-antes-do-prazo-para-tarifaco","status":"publish","type":"post","link":"https:\/\/jm-metropole.com.br\/site\/alckmin-diz-que-governo-tentara-acordo-antes-do-prazo-para-tarifaco\/","title":{"rendered":"Alckmin diz que governo tentar\u00e1 acordo antes do prazo para tarifa\u00e7o"},"content":{"rendered":"<div class=\"header-noticia full-width\">\n<div class=\"linha-fina-noticia\">Trump anunciou aumento de taxas de importa\u00e7\u00e3o a partir de 1\u00ba de agosto<\/div>\n<\/div>\n<div class=\"container-autoria\"><\/div>\n<div>\n<p>O vice-presidente da Rep\u00fablica e ministro do Desenvolvimento, Ind\u00fastria e Com\u00e9rcio\u00a0(MDIC), Geraldo Alckmin, liderou\u00a0nesta ter\u00e7a-feira (15) duas reuni\u00f5es com empres\u00e1rios dos setores industrial e agropecu\u00e1rio. Ao lado de outros ministros e secret\u00e1rios, Alckmin recebeu informa\u00e7\u00f5es sobre o panorama das \u00e1reas diante da decis\u00e3o dos Estados Unidos de aumentar para\u00a050% as tarifas de importa\u00e7\u00e3o de produtos brasileiros.<img decoding=\"async\" src=\"https:\/\/agenciabrasil.ebc.com.br\/ebc.png?id=1650904&amp;o=node\" \/><img decoding=\"async\" src=\"https:\/\/agenciabrasil.ebc.com.br\/ebc.gif?id=1650904&amp;o=node\" \/><\/p>\n<p>Os empres\u00e1rios manifestaram confian\u00e7a nas negocia\u00e7\u00f5es conduzidas pelo governo federal e\u00a0defenderam que n\u00e3o sejam adotadas medidas de retalia\u00e7\u00e3o.\u00a0<a href=\"https:\/\/agenciabrasil.ebc.com.br\/economia\/noticia\/2025-07\/agronegocio-teme-perda-de-safras-e-apoia-negociacao-do-governo-com-eua\" target=\"_blank\" rel=\"noopener\">A\u00a0produ\u00e7\u00e3o industrial e agropecu\u00e1ria j\u00e1 registram uma s\u00e9rie de preju\u00edzos<\/a>.<\/p>\n<p>Algumas associa\u00e7\u00f5es chegaram a defender nesta ter\u00e7a-feira\u00a0que o Brasil pe\u00e7a adiamento do in\u00edcio da\u00a0vig\u00eancia das novas tarifas, fixado em 1\u00ba de agosto pelo presidente dos Estados Unidos, Donald Trump.<\/p>\n<p>Alckmin destacou que a inten\u00e7\u00e3o do governo \u00e9 avan\u00e7ar ao m\u00e1ximo dentro desse prazo e alcan\u00e7ar um acordo antes que o tarifa\u00e7o se concretize.<\/p>\n<blockquote><p>&#8220;A reuni\u00e3o [com o setor produtivo] foi muito proveitosa. Ouvimos todos os setores com maior fluxo de com\u00e9rcio com os Estados Unidos \u2014 desde avia\u00e7\u00e3o, a\u00e7o, alum\u00ednio, m\u00e1quinas, t\u00eaxteis, cal\u00e7ados, papel e celulose. O que vimos foi um alinhamento em torno da negocia\u00e7\u00e3o. Eu trouxe a mensagem do presidente Lula de empenho para rever esta situa\u00e7\u00e3o\u201d, afirmou o vice-presidente.<\/p><\/blockquote>\n<p><a href=\"https:\/\/www.whatsapp.com\/channel\/0029VaoRTgrInlqYLSk59B2M\" target=\"_blank\" rel=\"noopener\">&gt;&gt; Siga o canal da\u00a0<strong>Ag\u00eancia Brasil\u00a0<\/strong>no WhatsApp<\/a><\/p>\n<p>&#8220;De janeiro a junho deste ano, as exporta\u00e7\u00f5es do Brasil para os Estados Unidos aumentaram 4,37% e dos Estados Unidos para o Brasil aumentaram 11,48%. Momento em que \u00e9 recorde a exporta\u00e7\u00e3o dos Estados Unidos para o Brasil, quase tr\u00eas vezes mais do que a nossa exporta\u00e7\u00e3o, estaremos unidos para reverter essa decis\u00e3o.&#8221;<\/p>\n<p>De acordo com\u00a0o vice-presidente, o setor produtivo se comprometeu a dialogar com seus parceiros nos Estados Unidos \u2014 compradores, fornecedores e empresas cong\u00eaneres \u2014 para negociar o preju\u00edzo bilateral causado pelas tarifas.<\/p>\n<p>&#8220;\u00c9 uma rela\u00e7\u00e3o importante que repercute tamb\u00e9m nos Estados Unidos, podendo encarecer produtos e encarecer a economia americana. \u00c9 uma oportunidade, inclusive, para abrirmos espa\u00e7o para novos acordos comerciais&#8221;, destacou.<\/p>\n<h2>Novos mercados<\/h2>\n<p>O ministro da Agricultura e Pecu\u00e1ria, Carlos F\u00e1varo, tamb\u00e9m participou da reuni\u00e3o com as lideran\u00e7as do setor agropecu\u00e1rio. Ele lembrou que\u00a0desde o primeiro dia do governo do presidente Lula\u00a0uma as miss\u00f5es dadas \u00e9 a amplia\u00e7\u00e3o dos mercados para a agropecu\u00e1ria brasileira.<\/p>\n<p>&#8220;Isso foi feito de forma intensa. Foram 393 novos mercados abertos&#8221;, destacou F\u00e1varo, que considera importante todos os esfor\u00e7os para manter as vendas para\u00a0os Estados Unidos. At\u00e9 o an\u00fancio do tarifa\u00e7o, a expectativa do setor pecu\u00e1rio era de que este ano as exporta\u00e7\u00f5es de carne dobrassem.\u00a0&#8220;O\u00a0di\u00e1logo est\u00e1 aberto na parte brasileira, mas com respeito \u00e0 soberania e muita altivez.&#8221;<\/p>\n<p>*Com informa\u00e7\u00f5es de Ag\u00eancia Brasil<\/p>\n<\/div>\n","protected":false},"excerpt":{"rendered":"<p>Trump anunciou aumento de taxas de importa\u00e7\u00e3o a partir de 1\u00ba de agosto O vice-presidente da Rep\u00fablica e ministro do Desenvolvimento, Ind\u00fastria e Com\u00e9rcio\u00a0(MDIC), Geraldo Alckmin, liderou\u00a0nesta ter\u00e7a-feira (15) duas reuni\u00f5es com empres\u00e1rios dos setores industrial e agropecu\u00e1rio. Ao lado de outros ministros e secret\u00e1rios, Alckmin recebeu informa\u00e7\u00f5es sobre o panorama das \u00e1reas diante da [&hellip;]<\/p>\n","protected":false},"author":1,"featured_media":26213,"comment_status":"open","ping_status":"open","sticky":false,"template":"","format":"standard","meta":{"footnotes":""},"categories":[1],"tags":[],"class_list":{"0":"post-26212","1":"post","2":"type-post","3":"status-publish","4":"format-standard","5":"has-post-thumbnail","7":"category-tudo"},"_links":{"self":[{"href":"https:\/\/jm-metropole.com.br\/site\/wp-json\/wp\/v2\/posts\/26212","targetHints":{"allow":["GET"]}}],"collection":[{"href":"https:\/\/jm-metropole.com.br\/site\/wp-json\/wp\/v2\/posts"}],"about":[{"href":"https:\/\/jm-metropole.com.br\/site\/wp-json\/wp\/v2\/types\/post"}],"author":[{"embeddable":true,"href":"https:\/\/jm-metropole.com.br\/site\/wp-json\/wp\/v2\/users\/1"}],"replies":[{"embeddable":true,"href":"https:\/\/jm-metropole.com.br\/site\/wp-json\/wp\/v2\/comments?post=26212"}],"version-history":[{"count":1,"href":"https:\/\/jm-metropole.com.br\/site\/wp-json\/wp\/v2\/posts\/26212\/revisions"}],"predecessor-version":[{"id":26214,"href":"https:\/\/jm-metropole.com.br\/site\/wp-json\/wp\/v2\/posts\/26212\/revisions\/26214"}],"wp:featuredmedia":[{"embeddable":true,"href":"https:\/\/jm-metropole.com.br\/site\/wp-json\/wp\/v2\/media\/26213"}],"wp:attachment":[{"href":"https:\/\/jm-metropole.com.br\/site\/wp-json\/wp\/v2\/media?parent=26212"}],"wp:term":[{"taxonomy":"category","embeddable":true,"href":"https:\/\/jm-metropole.com.br\/site\/wp-json\/wp\/v2\/categories?post=26212"},{"taxonomy":"post_tag","embeddable":true,"href":"https:\/\/jm-metropole.com.br\/site\/wp-json\/wp\/v2\/tags?post=26212"}],"curies":[{"name":"wp","href":"https:\/\/api.w.org\/{rel}","templated":true}]}}