{"id":26209,"date":"2025-07-16T11:52:02","date_gmt":"2025-07-16T14:52:02","guid":{"rendered":"https:\/\/jm-metropole.com.br\/site\/?p=26209"},"modified":"2025-07-16T11:52:02","modified_gmt":"2025-07-16T14:52:02","slug":"prefeitura-oferece-reforco-nutricional-durante-programacao-de-ferias-nos-espacos-educacionais-de-guarulhos","status":"publish","type":"post","link":"https:\/\/jm-metropole.com.br\/site\/prefeitura-oferece-reforco-nutricional-durante-programacao-de-ferias-nos-espacos-educacionais-de-guarulhos\/","title":{"rendered":"Prefeitura oferece refor\u00e7o nutricional durante programa\u00e7\u00e3o de f\u00e9rias nos espa\u00e7os educacionais de Guarulhos"},"content":{"rendered":"<p>Ao combinar sa\u00fade, sabor e aprendizado em um ambiente acolhedor e educativo, o projeto De F\u00e9rias nos CEUs destaca um de seus mais valiosos objetivos: garantir alimenta\u00e7\u00e3o nutritiva e saborosa para milhares de crian\u00e7as durante o recesso escolar. At\u00e9 sexta-feira (18) crian\u00e7as inscritas em um dos 27 polos, composto por 13 CEUs, o Cemear e outras 13 escolas da Prefeitura de Guarulhos, v\u00e3o receber duas refei\u00e7\u00f5es di\u00e1rias, almo\u00e7o e lanche da tarde, refor\u00e7o nutricional necess\u00e1rio para que as crian\u00e7as possam brincar com mais energia.<\/p>\n<p>No CEU Continental, a hora do almo\u00e7o reuniu sabores e aromas bastante conhecidos pela crian\u00e7ada. &#8220;Al\u00e9m da ma\u00e7\u00e3, hoje servimos para as crian\u00e7as arroz, feij\u00e3o, frango e salada, tudo temperado com alho e cebola bem picadinhos, fazemos tudo com muito amor e carinho, como se estiv\u00e9ssemos cozinhando para nossos pr\u00f3prios filhos&#8221;, disse a cozinheira Sara Coraline Fidelis, que divide a cozinha do CEU com sua parceira Thayn\u00e1 Castellon. &#8220;Elaboramos um card\u00e1pio especial, diferenciado e equilibrado para que as crian\u00e7as se sintam acolhidas e se alimentem bem para participarem com muita energia de todas as atividades&#8221;, explicou Thayn\u00e1.<\/p>\n<p>Nariz torto na hora de se alimentar? Para a participante Isabelly Helena Fiore, de 7 anos, alimenta\u00e7\u00e3o \u00e9 tamb\u00e9m sin\u00f4nimo de sa\u00fade. &#8220;Gostei muito do almo\u00e7o e do lanche que est\u00e3o servindo aqui no CEU, gosto muito de comer salada porque isso ajuda meu cabelo a crescer e ficar forte &#8220;, explicou a menina.<\/p>\n<p>Nesta edi\u00e7\u00e3o, o projeto De F\u00e9rias nos CEUs prev\u00ea a oferta de mais de 43 mil refei\u00e7\u00f5es por dia, card\u00e1pio especialmente elaborado pela equipe de nutricionistas da Secretaria de Educa\u00e7\u00e3o.<\/p>\n<p>Foto: Michel Wakin \/ PMG<\/p>\n","protected":false},"excerpt":{"rendered":"<p>Ao combinar sa\u00fade, sabor e aprendizado em um ambiente acolhedor e educativo, o projeto De F\u00e9rias nos CEUs destaca um de seus mais valiosos objetivos: garantir alimenta\u00e7\u00e3o nutritiva e saborosa para milhares de crian\u00e7as durante o recesso escolar. At\u00e9 sexta-feira (18) crian\u00e7as inscritas em um dos 27 polos, composto por 13 CEUs, o Cemear e [&hellip;]<\/p>\n","protected":false},"author":1,"featured_media":26210,"comment_status":"open","ping_status":"open","sticky":false,"template":"","format":"standard","meta":{"footnotes":""},"categories":[3],"tags":[],"class_list":{"0":"post-26209","1":"post","2":"type-post","3":"status-publish","4":"format-standard","5":"has-post-thumbnail","7":"category-guarulhos"},"_links":{"self":[{"href":"https:\/\/jm-metropole.com.br\/site\/wp-json\/wp\/v2\/posts\/26209","targetHints":{"allow":["GET"]}}],"collection":[{"href":"https:\/\/jm-metropole.com.br\/site\/wp-json\/wp\/v2\/posts"}],"about":[{"href":"https:\/\/jm-metropole.com.br\/site\/wp-json\/wp\/v2\/types\/post"}],"author":[{"embeddable":true,"href":"https:\/\/jm-metropole.com.br\/site\/wp-json\/wp\/v2\/users\/1"}],"replies":[{"embeddable":true,"href":"https:\/\/jm-metropole.com.br\/site\/wp-json\/wp\/v2\/comments?post=26209"}],"version-history":[{"count":1,"href":"https:\/\/jm-metropole.com.br\/site\/wp-json\/wp\/v2\/posts\/26209\/revisions"}],"predecessor-version":[{"id":26211,"href":"https:\/\/jm-metropole.com.br\/site\/wp-json\/wp\/v2\/posts\/26209\/revisions\/26211"}],"wp:featuredmedia":[{"embeddable":true,"href":"https:\/\/jm-metropole.com.br\/site\/wp-json\/wp\/v2\/media\/26210"}],"wp:attachment":[{"href":"https:\/\/jm-metropole.com.br\/site\/wp-json\/wp\/v2\/media?parent=26209"}],"wp:term":[{"taxonomy":"category","embeddable":true,"href":"https:\/\/jm-metropole.com.br\/site\/wp-json\/wp\/v2\/categories?post=26209"},{"taxonomy":"post_tag","embeddable":true,"href":"https:\/\/jm-metropole.com.br\/site\/wp-json\/wp\/v2\/tags?post=26209"}],"curies":[{"name":"wp","href":"https:\/\/api.w.org\/{rel}","templated":true}]}}