{"id":26203,"date":"2025-07-15T17:14:46","date_gmt":"2025-07-15T20:14:46","guid":{"rendered":"https:\/\/jm-metropole.com.br\/site\/?p=26203"},"modified":"2025-07-15T17:14:46","modified_gmt":"2025-07-15T20:14:46","slug":"fundo-social-de-guarulhos-promove-nova-etapa-do-varal-solidario-no-ceu-vila-sao-rafael","status":"publish","type":"post","link":"https:\/\/jm-metropole.com.br\/site\/fundo-social-de-guarulhos-promove-nova-etapa-do-varal-solidario-no-ceu-vila-sao-rafael\/","title":{"rendered":"Fundo Social de Guarulhos promove nova etapa do Varal Solid\u00e1rio no CEU Vila S\u00e3o Rafael"},"content":{"rendered":"<p>O CEU Vila S\u00e3o Rafael recebeu, na \u00faltima semana, mais uma edi\u00e7\u00e3o do Varal Solid\u00e1rio. Semanalmente, a a\u00e7\u00e3o do Fundo Social de Guarulhos percorre diferentes bairros da cidade levando roupas de frio arrecadadas durante a Campanha do Agasalho diretamente \u00e0s comunidades que mais precisam, de maneira acess\u00edvel, respeitosa e acolhedora.<\/p>\n<p>Moradores da comunidade Deus do Sol, na regi\u00e3o da Vila Itapegica, puderam escolher, com liberdade, as pe\u00e7as de que mais precisavam, em um ambiente organizado, seguro e voltado ao bem-estar da popula\u00e7\u00e3o.<\/p>\n<p>A proposta do Varal Solid\u00e1rio \u00e9 simples, mas poderosa: aproximar as doa\u00e7\u00f5es de quem realmente necessita. As roupas arrecadadas pela Campanha do Agasalho s\u00e3o separadas, organizadas e disponibilizadas em pontos estrat\u00e9gicos da cidade, para que a popula\u00e7\u00e3o possa acessar com dignidade o que mais lhe for \u00fatil neste inverno.<\/p>\n<p>&#8220;Nosso objetivo \u00e9 ir al\u00e9m da entrega. Queremos ouvir, acolher e garantir que cada a\u00e7\u00e3o tenha um impacto real na vida das pessoas&#8221;, afirma a primeira-dama Caroline Sanches, presidente do Fundo Social de Solidariedade de Guarulhos.<\/p>\n<p>As edi\u00e7\u00f5es do Varal Solid\u00e1rio promovem, al\u00e9m da distribui\u00e7\u00e3o de roupas, a constru\u00e7\u00e3o de la\u00e7os entre poder p\u00fablico, volunt\u00e1rios e mun\u00edcipes. \u00c9 um gesto de empatia, refor\u00e7ando o compromisso de uma cidade mais justa, que cuida dos seus moradores com aten\u00e7\u00e3o e respeito.<\/p>\n<p>A Campanha do Agasalho segue ativa. Roupas de frio, cobertores e cal\u00e7ados em bom estado ainda podem ser doados em mais de 180 pontos espalhados pela cidade.<\/p>\n<p>Se voc\u00ea deseja contribuir, saiba como participar:<\/p>\n<p>&#8211; Doe em um ponto de arrecada\u00e7\u00e3o pr\u00f3ximo a voc\u00ea. Saiba os locais neste link: https:\/\/www.guarulhos.sp.gov.br\/campanha-do-agasalho<\/p>\n<p>&#8211; Transforme seu espa\u00e7o em um ponto de coleta. Basta entrar em contato com o Fundo Social e receber o suporte necess\u00e1rio para fazer parte dessa grande rede solid\u00e1ria: (11) 2408-3153. Endere\u00e7o: Rua Manoel Augusto Gomes, 384, Jardim Rosa de Fran\u00e7a.<\/p>\n<p>Foto: Michel Wakin\/PMG<\/p>\n","protected":false},"excerpt":{"rendered":"<p>O CEU Vila S\u00e3o Rafael recebeu, na \u00faltima semana, mais uma edi\u00e7\u00e3o do Varal Solid\u00e1rio. Semanalmente, a a\u00e7\u00e3o do Fundo Social de Guarulhos percorre diferentes bairros da cidade levando roupas de frio arrecadadas durante a Campanha do Agasalho diretamente \u00e0s comunidades que mais precisam, de maneira acess\u00edvel, respeitosa e acolhedora. Moradores da comunidade Deus do [&hellip;]<\/p>\n","protected":false},"author":1,"featured_media":26204,"comment_status":"open","ping_status":"open","sticky":false,"template":"","format":"standard","meta":{"footnotes":""},"categories":[3],"tags":[],"class_list":{"0":"post-26203","1":"post","2":"type-post","3":"status-publish","4":"format-standard","5":"has-post-thumbnail","7":"category-guarulhos"},"_links":{"self":[{"href":"https:\/\/jm-metropole.com.br\/site\/wp-json\/wp\/v2\/posts\/26203","targetHints":{"allow":["GET"]}}],"collection":[{"href":"https:\/\/jm-metropole.com.br\/site\/wp-json\/wp\/v2\/posts"}],"about":[{"href":"https:\/\/jm-metropole.com.br\/site\/wp-json\/wp\/v2\/types\/post"}],"author":[{"embeddable":true,"href":"https:\/\/jm-metropole.com.br\/site\/wp-json\/wp\/v2\/users\/1"}],"replies":[{"embeddable":true,"href":"https:\/\/jm-metropole.com.br\/site\/wp-json\/wp\/v2\/comments?post=26203"}],"version-history":[{"count":1,"href":"https:\/\/jm-metropole.com.br\/site\/wp-json\/wp\/v2\/posts\/26203\/revisions"}],"predecessor-version":[{"id":26205,"href":"https:\/\/jm-metropole.com.br\/site\/wp-json\/wp\/v2\/posts\/26203\/revisions\/26205"}],"wp:featuredmedia":[{"embeddable":true,"href":"https:\/\/jm-metropole.com.br\/site\/wp-json\/wp\/v2\/media\/26204"}],"wp:attachment":[{"href":"https:\/\/jm-metropole.com.br\/site\/wp-json\/wp\/v2\/media?parent=26203"}],"wp:term":[{"taxonomy":"category","embeddable":true,"href":"https:\/\/jm-metropole.com.br\/site\/wp-json\/wp\/v2\/categories?post=26203"},{"taxonomy":"post_tag","embeddable":true,"href":"https:\/\/jm-metropole.com.br\/site\/wp-json\/wp\/v2\/tags?post=26203"}],"curies":[{"name":"wp","href":"https:\/\/api.w.org\/{rel}","templated":true}]}}