{"id":26200,"date":"2025-07-15T17:00:26","date_gmt":"2025-07-15T20:00:26","guid":{"rendered":"https:\/\/jm-metropole.com.br\/site\/?p=26200"},"modified":"2025-07-15T17:00:26","modified_gmt":"2025-07-15T20:00:26","slug":"emocionado-reynaldinho-toma-posse-como-vereador-de-aruja","status":"publish","type":"post","link":"https:\/\/jm-metropole.com.br\/site\/emocionado-reynaldinho-toma-posse-como-vereador-de-aruja\/","title":{"rendered":"Emocionado, Reynaldinho toma posse como vereador de Aruj\u00e1"},"content":{"rendered":"<p>Em sess\u00e3o extraordin\u00e1ria realizada na tarde desta segunda-feira (14\/07), Reynaldo Greg\u00f3rio Junior, o Reynaldinho, tomou posse como vereador para o que ser\u00e1 sua quinta legislatura.<\/p>\n<p>No primeiro semestre deste ano, o vereador esteve lotado na Secretaria de Servi\u00e7os P\u00fablicos. Dessa vez, o veterano assume na condi\u00e7\u00e3o de suplente, ap\u00f3s a licen\u00e7a do titular da cadeira Fabinho do INSS e tamb\u00e9m do 1\u00ba suplente Vin\u00edcius Pateta.<\/p>\n<p>Acesse o site e saiba mais: https:\/\/www.camaraaruja.sp.gov.br\/noticias\/emocionado-reynaldinho-toma-posse-como-vereador-de-aruja<\/p>\n","protected":false},"excerpt":{"rendered":"<p>Em sess\u00e3o extraordin\u00e1ria realizada na tarde desta segunda-feira (14\/07), Reynaldo Greg\u00f3rio Junior, o Reynaldinho, tomou posse como vereador para o que ser\u00e1 sua quinta legislatura. No primeiro semestre deste ano, o vereador esteve lotado na Secretaria de Servi\u00e7os P\u00fablicos. Dessa vez, o veterano assume na condi\u00e7\u00e3o de suplente, ap\u00f3s a licen\u00e7a do titular da cadeira [&hellip;]<\/p>\n","protected":false},"author":1,"featured_media":26201,"comment_status":"open","ping_status":"open","sticky":false,"template":"","format":"standard","meta":{"footnotes":""},"categories":[1],"tags":[],"class_list":{"0":"post-26200","1":"post","2":"type-post","3":"status-publish","4":"format-standard","5":"has-post-thumbnail","7":"category-tudo"},"_links":{"self":[{"href":"https:\/\/jm-metropole.com.br\/site\/wp-json\/wp\/v2\/posts\/26200","targetHints":{"allow":["GET"]}}],"collection":[{"href":"https:\/\/jm-metropole.com.br\/site\/wp-json\/wp\/v2\/posts"}],"about":[{"href":"https:\/\/jm-metropole.com.br\/site\/wp-json\/wp\/v2\/types\/post"}],"author":[{"embeddable":true,"href":"https:\/\/jm-metropole.com.br\/site\/wp-json\/wp\/v2\/users\/1"}],"replies":[{"embeddable":true,"href":"https:\/\/jm-metropole.com.br\/site\/wp-json\/wp\/v2\/comments?post=26200"}],"version-history":[{"count":1,"href":"https:\/\/jm-metropole.com.br\/site\/wp-json\/wp\/v2\/posts\/26200\/revisions"}],"predecessor-version":[{"id":26202,"href":"https:\/\/jm-metropole.com.br\/site\/wp-json\/wp\/v2\/posts\/26200\/revisions\/26202"}],"wp:featuredmedia":[{"embeddable":true,"href":"https:\/\/jm-metropole.com.br\/site\/wp-json\/wp\/v2\/media\/26201"}],"wp:attachment":[{"href":"https:\/\/jm-metropole.com.br\/site\/wp-json\/wp\/v2\/media?parent=26200"}],"wp:term":[{"taxonomy":"category","embeddable":true,"href":"https:\/\/jm-metropole.com.br\/site\/wp-json\/wp\/v2\/categories?post=26200"},{"taxonomy":"post_tag","embeddable":true,"href":"https:\/\/jm-metropole.com.br\/site\/wp-json\/wp\/v2\/tags?post=26200"}],"curies":[{"name":"wp","href":"https:\/\/api.w.org\/{rel}","templated":true}]}}