{"id":26197,"date":"2025-07-15T16:59:21","date_gmt":"2025-07-15T19:59:21","guid":{"rendered":"https:\/\/jm-metropole.com.br\/site\/?p=26197"},"modified":"2025-07-15T16:59:21","modified_gmt":"2025-07-15T19:59:21","slug":"itaquaquecetuba-sp-ultrapassa-meta-estabelecida-nacionalmente-para-2024-e-2025-em-alfabetizacao","status":"publish","type":"post","link":"https:\/\/jm-metropole.com.br\/site\/itaquaquecetuba-sp-ultrapassa-meta-estabelecida-nacionalmente-para-2024-e-2025-em-alfabetizacao\/","title":{"rendered":"Itaquaquecetuba-SP ultrapassa meta estabelecida nacionalmente para 2024 e 2025 em Alfabetiza\u00e7\u00e3o"},"content":{"rendered":"<p>Cidade de meio milh\u00e3o de habitantes avan\u00e7ou nos indicadores do Minist\u00e9rio da Educa\u00e7\u00e3o; taxa ficou em 57,19%, acima dos 48,89% fixados como meta para o munic\u00edpio<\/p>\n<p>Dados divulgados pelo Instituto Nacional de Estudos e Pesquisas Educacionais An\u00edsio Teixeira (Inep), vinculado ao Minist\u00e9rio da Educa\u00e7\u00e3o, mostram salto hist\u00f3rico de Itaquaquecetuba-SP na alfabetiza\u00e7\u00e3o de suas crian\u00e7as. A cidade de meio milh\u00e3o de habitantes superou a meta nacional de 2024 e fechou o ano com alta de 57,19%. O munic\u00edpio da Grande S\u00e3o Paulo tamb\u00e9m j\u00e1 bateu o \u00edndice previsto para todo o decorrer de 2025. O prefeito de Itaqu\u00e1, Delegado Eduardo Boigues (PL), atribui o desempenho positivo ao forte investimento na forma\u00e7\u00e3o dos profissionais da Educa\u00e7\u00e3o.<\/p>\n<p>Os resultados comp\u00f5em o \u00cdndice Crian\u00e7a Alfabetizada (ICA) e foram divulgados no \u00faltimo dia 30, pelo Inep &#8211; \u00f3rg\u00e3o respons\u00e1vel pela pesquisa Alfabetiza Brasil, que abarca uma s\u00e9rie de avalia\u00e7\u00f5es. Estados e munic\u00edpios brasileiros recebem do governo federal metas, considerando a realidade local e desempenhos anteriores.<\/p>\n<p>Itaquaquecetuba registrou \u00edndice de 57,19% referente a 2024, patamar acima dos 48,89% fixados como meta para o munic\u00edpio. J\u00e1 o teto de 2025 (que ainda n\u00e3o foi consolidado, uma vez que o ano letivo segue em curso) \u00e9 de 54,84%. Itaqu\u00e1, por\u00e9m, j\u00e1 ultrapassou este \u00edndice e se mant\u00e9m em crescente evolu\u00e7\u00e3o no que tange qualidade de ensino, se destacando, inclusive, no Alto Tiet\u00ea.<\/p>\n<p>Das 14 cidades da regi\u00e3o, apenas sete alcan\u00e7aram os indicadores do Inep. Itaqu\u00e1 est\u00e1 entre as tr\u00eas melhores posicionadas, sendo a maior em n\u00famero de matriculados na rede municipal. No 1\u00ba e no 2\u00ba ano, s\u00e3o quase 10 mil os estudantes em processo de alfabetiza\u00e7\u00e3o.<\/p>\n<p>Bandeira da Educa\u00e7\u00e3o<br \/>\nReeleito em 2024, com 92,9% dos votos v\u00e1lidos, j\u00e1 em primeiro turno, sendo o prefeito mais bem votado do Brasil entre col\u00e9gios eleitorais de segundo turno, Boigues tem a Educa\u00e7\u00e3o como uma das bandeiras de sua gest\u00e3o. A cidade governada pelo liberal, por exemplo, \u00e9 signat\u00e1ria do Pacto Nacional pela Alfabetiza\u00e7\u00e3o na Idade Certa, do Minist\u00e9rio da Educa\u00e7\u00e3o, e tem conquistado resultados expressivos nesta seara, j\u00e1 h\u00e1 algum tempo:<\/p>\n<p>\u201cOs dados comprovam que estamos no caminho certo com a Educa\u00e7\u00e3o das nossas crian\u00e7as. Os indicadores nacionais t\u00eam padr\u00f5es complexos, mas conseguem demonstrar o patamar dos munic\u00edpios e os reflexos das pol\u00edticas p\u00fablicas implantadas. Hoje, colhemos os frutos de uma revolu\u00e7\u00e3o no ensino, que conta com a participa\u00e7\u00e3o de todos do time da Educa\u00e7\u00e3o. Seguiremos avan\u00e7ando\u2019\u2019, destaca Boigues.<\/p>\n<p>Os investimentos constantes na forma\u00e7\u00e3o de professores, de coordenadores e de diretores, como refor\u00e7a o chefe do Executivo, est\u00e3o sendo determinantes para se elevar a qualidade no ensino de Itaqu\u00e1.<\/p>\n<p>A Secretaria de Educa\u00e7\u00e3o tamb\u00e9m implantou uma metodologia pr\u00f3pria, na qual t\u00e9cnicos acompanham de perto a evolu\u00e7\u00e3o na aprendizagem dos cerca de 42 mil estudantes da rede municipal, de forma setorizada e por meio de um trabalho conjunto e cont\u00ednuo.<\/p>\n<p>Cidade premiada<br \/>\nOs bons n\u00fameros na Educa\u00e7\u00e3o j\u00e1 renderam pr\u00eamio \u00e0 Itaquaquecetuba. Em fevereiro deste ano, a cidade conquistou o Selo Nacional \u2013 Compromisso com a Alfabetiza\u00e7\u00e3o, na categoria Ouro. A premia\u00e7\u00e3o foi outorgada pelo Minist\u00e9rio da Educa\u00e7\u00e3o em raz\u00e3o de Itaqu\u00e1 ter registrado aumento de 17% na taxa de alfabetiza\u00e7\u00e3o, entre os anos de 2023 e 2024.<\/p>\n","protected":false},"excerpt":{"rendered":"<p>Cidade de meio milh\u00e3o de habitantes avan\u00e7ou nos indicadores do Minist\u00e9rio da Educa\u00e7\u00e3o; taxa ficou em 57,19%, acima dos 48,89% fixados como meta para o munic\u00edpio Dados divulgados pelo Instituto Nacional de Estudos e Pesquisas Educacionais An\u00edsio Teixeira (Inep), vinculado ao Minist\u00e9rio da Educa\u00e7\u00e3o, mostram salto hist\u00f3rico de Itaquaquecetuba-SP na alfabetiza\u00e7\u00e3o de suas crian\u00e7as. A [&hellip;]<\/p>\n","protected":false},"author":1,"featured_media":26198,"comment_status":"open","ping_status":"open","sticky":false,"template":"","format":"standard","meta":{"footnotes":""},"categories":[6],"tags":[],"class_list":{"0":"post-26197","1":"post","2":"type-post","3":"status-publish","4":"format-standard","5":"has-post-thumbnail","7":"category-itaqua"},"_links":{"self":[{"href":"https:\/\/jm-metropole.com.br\/site\/wp-json\/wp\/v2\/posts\/26197","targetHints":{"allow":["GET"]}}],"collection":[{"href":"https:\/\/jm-metropole.com.br\/site\/wp-json\/wp\/v2\/posts"}],"about":[{"href":"https:\/\/jm-metropole.com.br\/site\/wp-json\/wp\/v2\/types\/post"}],"author":[{"embeddable":true,"href":"https:\/\/jm-metropole.com.br\/site\/wp-json\/wp\/v2\/users\/1"}],"replies":[{"embeddable":true,"href":"https:\/\/jm-metropole.com.br\/site\/wp-json\/wp\/v2\/comments?post=26197"}],"version-history":[{"count":1,"href":"https:\/\/jm-metropole.com.br\/site\/wp-json\/wp\/v2\/posts\/26197\/revisions"}],"predecessor-version":[{"id":26199,"href":"https:\/\/jm-metropole.com.br\/site\/wp-json\/wp\/v2\/posts\/26197\/revisions\/26199"}],"wp:featuredmedia":[{"embeddable":true,"href":"https:\/\/jm-metropole.com.br\/site\/wp-json\/wp\/v2\/media\/26198"}],"wp:attachment":[{"href":"https:\/\/jm-metropole.com.br\/site\/wp-json\/wp\/v2\/media?parent=26197"}],"wp:term":[{"taxonomy":"category","embeddable":true,"href":"https:\/\/jm-metropole.com.br\/site\/wp-json\/wp\/v2\/categories?post=26197"},{"taxonomy":"post_tag","embeddable":true,"href":"https:\/\/jm-metropole.com.br\/site\/wp-json\/wp\/v2\/tags?post=26197"}],"curies":[{"name":"wp","href":"https:\/\/api.w.org\/{rel}","templated":true}]}}