{"id":26194,"date":"2025-07-15T16:57:39","date_gmt":"2025-07-15T19:57:39","guid":{"rendered":"https:\/\/jm-metropole.com.br\/site\/?p=26194"},"modified":"2025-07-15T16:57:39","modified_gmt":"2025-07-15T19:57:39","slug":"arraia-na-praca-atrai-cerca-de-3-mil-pessoas","status":"publish","type":"post","link":"https:\/\/jm-metropole.com.br\/site\/arraia-na-praca-atrai-cerca-de-3-mil-pessoas\/","title":{"rendered":"Arrai\u00e1 na Pra\u00e7a atrai cerca de 3 mil pessoas"},"content":{"rendered":"<p>O Arrai\u00e1 na Pra\u00e7a, realiza\u00e7\u00e3o da Prefeitura de Aruj\u00e1, pela Secretaria Municipal de Cultura, &#8220;acendeu&#8221; a fogueira no cora\u00e7\u00e3o de cerca de 3 mil pessoas que prestigiaram o evento no \u00faltimo final de semana (dias 12 e 13), na Estrada do Kondo, 57, no Jardim Pinheiro. O evento teve tudo o que uma boa Festa Julina tem que ter, como bandeirinhas coloridas, comidas t\u00edpicas, quadrilha, m\u00fasica animada e parque de divers\u00f5es. E ainda foi entregue a revitaliza\u00e7\u00e3o e a amplia\u00e7\u00e3o da Concha Ac\u00fastica, para que a popula\u00e7\u00e3o e os artistas possam desfrutar melhor do espa\u00e7o.<\/p>\n<p>No s\u00e1bado (12), o palco recebeu talentos cheios de energia como os Ritmos Julinos de Camila Penteado, seguidos pelo Reizinho Imperador e, para fechar com muita vibra\u00e7\u00e3o, a banda Estrela Girl.<\/p>\n<p>J\u00e1 no domingo (13), a festa continuou com a apresenta\u00e7\u00e3o do Ballet Julino e, logo em seguida, a Fanfarra Municipal, seguida por Felipe Spinelli. O DJ Juninho Portugal veio para encerrar com chave de ouro, em um show entusiasmado, levantando a galera.<\/p>\n<p>Al\u00e9m das atra\u00e7\u00f5es musicais, tamb\u00e9m aconteceu a tradicional quadrilha de festa julina. Sob a orienta\u00e7\u00e3o da professora Camila, os participantes tomaram conta da pra\u00e7a e encantaram o p\u00fablico com coreografias t\u00edpicas, marcando mais uma edi\u00e7\u00e3o de sucesso do evento.<\/p>\n","protected":false},"excerpt":{"rendered":"<p>O Arrai\u00e1 na Pra\u00e7a, realiza\u00e7\u00e3o da Prefeitura de Aruj\u00e1, pela Secretaria Municipal de Cultura, &#8220;acendeu&#8221; a fogueira no cora\u00e7\u00e3o de cerca de 3 mil pessoas que prestigiaram o evento no \u00faltimo final de semana (dias 12 e 13), na Estrada do Kondo, 57, no Jardim Pinheiro. O evento teve tudo o que uma boa Festa [&hellip;]<\/p>\n","protected":false},"author":1,"featured_media":26195,"comment_status":"open","ping_status":"open","sticky":false,"template":"","format":"standard","meta":{"footnotes":""},"categories":[4],"tags":[],"class_list":{"0":"post-26194","1":"post","2":"type-post","3":"status-publish","4":"format-standard","5":"has-post-thumbnail","7":"category-aruja"},"_links":{"self":[{"href":"https:\/\/jm-metropole.com.br\/site\/wp-json\/wp\/v2\/posts\/26194","targetHints":{"allow":["GET"]}}],"collection":[{"href":"https:\/\/jm-metropole.com.br\/site\/wp-json\/wp\/v2\/posts"}],"about":[{"href":"https:\/\/jm-metropole.com.br\/site\/wp-json\/wp\/v2\/types\/post"}],"author":[{"embeddable":true,"href":"https:\/\/jm-metropole.com.br\/site\/wp-json\/wp\/v2\/users\/1"}],"replies":[{"embeddable":true,"href":"https:\/\/jm-metropole.com.br\/site\/wp-json\/wp\/v2\/comments?post=26194"}],"version-history":[{"count":1,"href":"https:\/\/jm-metropole.com.br\/site\/wp-json\/wp\/v2\/posts\/26194\/revisions"}],"predecessor-version":[{"id":26196,"href":"https:\/\/jm-metropole.com.br\/site\/wp-json\/wp\/v2\/posts\/26194\/revisions\/26196"}],"wp:featuredmedia":[{"embeddable":true,"href":"https:\/\/jm-metropole.com.br\/site\/wp-json\/wp\/v2\/media\/26195"}],"wp:attachment":[{"href":"https:\/\/jm-metropole.com.br\/site\/wp-json\/wp\/v2\/media?parent=26194"}],"wp:term":[{"taxonomy":"category","embeddable":true,"href":"https:\/\/jm-metropole.com.br\/site\/wp-json\/wp\/v2\/categories?post=26194"},{"taxonomy":"post_tag","embeddable":true,"href":"https:\/\/jm-metropole.com.br\/site\/wp-json\/wp\/v2\/tags?post=26194"}],"curies":[{"name":"wp","href":"https:\/\/api.w.org\/{rel}","templated":true}]}}