{"id":26191,"date":"2025-07-15T16:33:29","date_gmt":"2025-07-15T19:33:29","guid":{"rendered":"https:\/\/jm-metropole.com.br\/site\/?p=26191"},"modified":"2025-07-15T16:33:29","modified_gmt":"2025-07-15T19:33:29","slug":"4a-edicao-do-casamento-comunitario-de-aruja-celebra-o-amor-e-realiza-o-sonho-de-28-casais","status":"publish","type":"post","link":"https:\/\/jm-metropole.com.br\/site\/4a-edicao-do-casamento-comunitario-de-aruja-celebra-o-amor-e-realiza-o-sonho-de-28-casais\/","title":{"rendered":"4\u00aa EDI\u00c7\u00c3O DO CASAMENTO COMUNIT\u00c1RIO DE ARUJ\u00c1 CELEBRA O AMOR E REALIZA O SONHO DE 28 CASAIS"},"content":{"rendered":"<p>No \u00faltimo domingo (13), Aruj\u00e1 celebrou a 4\u00aa edi\u00e7\u00e3o do Casamento Comunit\u00e1rio da cidade. A cerim\u00f4nia, promovida pelo Fundo Social de Solidariedade e pela Secretaria Municipal de Assist\u00eancia Social, com o apoio da C\u00e2mara Municipal, reuniu fam\u00edlias, parceiros e volunt\u00e1rios em um evento emocionante.<\/p>\n<p>O evento contou com a organiza\u00e7\u00e3o da primeira-dama Clau Camargo, presidente do Fundo Social de Solidariedade de Aruj\u00e1, que foi a respons\u00e1vel direta por coordenar todos os detalhes da cerim\u00f4nia.<\/p>\n<p>O Casamento Comunit\u00e1rio reuniu familiares e convidados dos casais, que oficializaram a uni\u00e3o no casamento civil com toda a estrutura de um verdadeiro casamento dos sonhos \u2014 incluindo vestidos das noivas, buqu\u00eas, decora\u00e7\u00e3o, orquestra ao vivo, buffet e show musical. Ao todo, 28 casais viveram uma tarde inesquec\u00edvel.<\/p>\n<p>Os casais foram inscritos por meio da Secretaria Municipal de Assist\u00eancia Social, mediante comprova\u00e7\u00e3o de resid\u00eancia em Aruj\u00e1 por mais de um ano, renda de at\u00e9 dois sal\u00e1rios m\u00ednimos e inscri\u00e7\u00e3o no Cadastro \u00danico (Cad\u00danico).<\/p>\n<p>A presidente do Fundo Social de Solidariedade, Clau Camargo, destacou a import\u00e2ncia do evento como instrumento de inclus\u00e3o, autoestima e cidadania, ressaltando tamb\u00e9m o papel fundamental das parcerias. \u201cMais do que uma cerim\u00f4nia, esse \u00e9 um ato de amor e dignidade. Cada detalhe foi pensado com carinho para que esses casais tivessem a oportunidade de viver esse momento \u00fanico, com a beleza e a emo\u00e7\u00e3o que ele merece. E nada disso seria poss\u00edvel sem o apoio das empresas, volunt\u00e1rios e parceiros que caminham conosco nessa miss\u00e3o. \u00c9 uma alegria imensa participar da realiza\u00e7\u00e3o de tantos sonhos\u201d, declarou Clau Camargo.<\/p>\n<p>O prefeito de Aruj\u00e1, Luis Camargo, tamb\u00e9m celebrou o momento e destacou a import\u00e2ncia do envolvimento coletivo para tornar sonhos poss\u00edveis.<\/p>\n<p>Ap\u00f3s todos os preparativos, o juiz de paz Claudinei Teixeira deu in\u00edcio \u00e0 cerim\u00f4nia, conduzindo o ato com leveza e emo\u00e7\u00e3o. Em um gesto coletivo, os 28 casais disseram \u201csim\u201d e tiveram sua uni\u00e3o aben\u00e7oada pelo pastor Jess\u00e9 Odilon Rodrigues e pelo reverendo R\u00e9gis Domingues, que trouxeram mensagens de f\u00e9, uni\u00e3o e esperan\u00e7a.<\/p>\n<p>Ao final da cerim\u00f4nia, noivos e convidados foram recepcionados na Arufest, com jantar especial e show musical ao vivo com Aliny &amp; S\u00e9rgio.<\/p>\n<p>O Casamento Comunit\u00e1rio contou ainda com a presen\u00e7a do vice-prefeito Rodolfo Machado e da esposa Larissa Moya, vereadores, secret\u00e1rios municipais e representantes das empresas parceiras, al\u00e9m dos cerca de 600 convidados dos noivos.<\/p>\n","protected":false},"excerpt":{"rendered":"<p>No \u00faltimo domingo (13), Aruj\u00e1 celebrou a 4\u00aa edi\u00e7\u00e3o do Casamento Comunit\u00e1rio da cidade. A cerim\u00f4nia, promovida pelo Fundo Social de Solidariedade e pela Secretaria Municipal de Assist\u00eancia Social, com o apoio da C\u00e2mara Municipal, reuniu fam\u00edlias, parceiros e volunt\u00e1rios em um evento emocionante. O evento contou com a organiza\u00e7\u00e3o da primeira-dama Clau Camargo, presidente [&hellip;]<\/p>\n","protected":false},"author":1,"featured_media":26192,"comment_status":"open","ping_status":"open","sticky":false,"template":"","format":"standard","meta":{"footnotes":""},"categories":[4],"tags":[],"class_list":{"0":"post-26191","1":"post","2":"type-post","3":"status-publish","4":"format-standard","5":"has-post-thumbnail","7":"category-aruja"},"_links":{"self":[{"href":"https:\/\/jm-metropole.com.br\/site\/wp-json\/wp\/v2\/posts\/26191","targetHints":{"allow":["GET"]}}],"collection":[{"href":"https:\/\/jm-metropole.com.br\/site\/wp-json\/wp\/v2\/posts"}],"about":[{"href":"https:\/\/jm-metropole.com.br\/site\/wp-json\/wp\/v2\/types\/post"}],"author":[{"embeddable":true,"href":"https:\/\/jm-metropole.com.br\/site\/wp-json\/wp\/v2\/users\/1"}],"replies":[{"embeddable":true,"href":"https:\/\/jm-metropole.com.br\/site\/wp-json\/wp\/v2\/comments?post=26191"}],"version-history":[{"count":1,"href":"https:\/\/jm-metropole.com.br\/site\/wp-json\/wp\/v2\/posts\/26191\/revisions"}],"predecessor-version":[{"id":26193,"href":"https:\/\/jm-metropole.com.br\/site\/wp-json\/wp\/v2\/posts\/26191\/revisions\/26193"}],"wp:featuredmedia":[{"embeddable":true,"href":"https:\/\/jm-metropole.com.br\/site\/wp-json\/wp\/v2\/media\/26192"}],"wp:attachment":[{"href":"https:\/\/jm-metropole.com.br\/site\/wp-json\/wp\/v2\/media?parent=26191"}],"wp:term":[{"taxonomy":"category","embeddable":true,"href":"https:\/\/jm-metropole.com.br\/site\/wp-json\/wp\/v2\/categories?post=26191"},{"taxonomy":"post_tag","embeddable":true,"href":"https:\/\/jm-metropole.com.br\/site\/wp-json\/wp\/v2\/tags?post=26191"}],"curies":[{"name":"wp","href":"https:\/\/api.w.org\/{rel}","templated":true}]}}