{"id":26180,"date":"2025-07-15T08:35:49","date_gmt":"2025-07-15T11:35:49","guid":{"rendered":"https:\/\/jm-metropole.com.br\/site\/?p=26180"},"modified":"2025-07-15T08:41:31","modified_gmt":"2025-07-15T11:41:31","slug":"de-ferias-nos-ceus-segue-com-intensa-programacao-para-a-criancada-ate-sexta-feira","status":"publish","type":"post","link":"https:\/\/jm-metropole.com.br\/site\/de-ferias-nos-ceus-segue-com-intensa-programacao-para-a-criancada-ate-sexta-feira\/","title":{"rendered":"De F\u00e9rias nos CEUs segue com intensa programa\u00e7\u00e3o para a crian\u00e7ada at\u00e9 sexta-feira"},"content":{"rendered":"<p>A alegria tomou conta do CEU Bonsucesso nesta segunda-feira (14) durante a abertura de mais uma edi\u00e7\u00e3o do projeto De F\u00e9rias nos CEUs. A programa\u00e7\u00e3o para as crian\u00e7as previamente inscritas segue at\u00e9 sexta-feira (18) com atividades que acontecem durante toda a semana, das 13h \u00e0s 17h, em todos os CEUs da cidade e no Cemear.<\/p>\n<p>Crian\u00e7a bem alimentada tamb\u00e9m aprende e se diverte muito mais. Nesses espa\u00e7os, os participantes do projeto De F\u00e9rias nos CEUs receber\u00e3o ainda refei\u00e7\u00f5es di\u00e1rias e ser\u00e3o acompanhados por professores e monitores, garantindo a seguran\u00e7a e a alegria da crian\u00e7ada. &#8220;F\u00e9rias \u00e9 alegria, momento de descansar e de brincar com outras crian\u00e7as, estou muito feliz por estar aqui&#8221;, disse Mariana Marques, de oito anos.<\/p>\n<p>&#8220;Para n\u00f3s, educadores, \u00e9 muito importante que as crian\u00e7as saiam de casa, de frente das telas do celular e da televis\u00e3o, que venham para os CEUs de Guarulhos aproveitar a programa\u00e7\u00e3o e, claro, brincar&#8221;, disse William Carlos Nascimento, gestor do CEU Bonsucesso. Ele pontuou ainda que a alimenta\u00e7\u00e3o garante que a crian\u00e7a permane\u00e7a nos equipamentos, para que as fam\u00edlias tenham tranquilidade enquanto elas participam das atividades.<\/p>\n<p>Anabela Alves dos Santos, 10 anos, deixou um recado para quem ainda n\u00e3o veio aproveitar a programa\u00e7\u00e3o. &#8220;Tem muitas brincadeiras e muita divers\u00e3o, d\u00e1 brincar no pula-pula, fazer desenhos, eu at\u00e9 pintei meu rosto e j\u00e1 fiz um monte de amigos, ent\u00e3o quem ainda n\u00e3o veio tem at\u00e9 sexta-feira para aproveitar&#8221;, comemorou a menina.<\/p>\n<p>Interessados em participar do projeto no Adamastor e nos parques Chico Mendes, na regi\u00e3o do bairro dos Pimentas, e J\u00falio Fracalanza, na Vila Augusta, n\u00e3o precisam realizar a inscri\u00e7\u00e3o.<\/p>\n<p>Vale a pena buscar vagas dispon\u00edveis nos CEUs. Para participar \u00e9 necess\u00e1rio realizar a inscri\u00e7\u00e3o presencialmente, das 8h \u00e0s 17h, nos CEUs onde ainda h\u00e1 vagas. Os pais ou respons\u00e1veis pela crian\u00e7a devem apresentar RG, CPF e comprovante de resid\u00eancia.<\/p>\n<p>Procure o CEU, o espa\u00e7o educacional ou o parque mais perto da sua casa e aproveite as f\u00e9rias. Confira os endere\u00e7os dos CEUs no link https:\/\/portaleducacao.guarulhos.sp.gov.br\/siseduc\/portal\/site\/listar\/categoria\/171\/.<\/p>\n<p>Confira os polos onde as atividades acontecem<\/p>\n<p>Centro Municipal de Educa\u00e7\u00e3o e Artes &#8211; Cemear (Macedo)<br \/>\nCentro Municipal de Educa\u00e7\u00e3o Adamastor (Macedo)<br \/>\nParque Chico Mendes (Vila Izabel)<br \/>\nParque J\u00falio Fracalanza (Vila Augusta)<\/p>\n<p>Centros de Educacionais Unificados<\/p>\n<p>CEU Bambi<br \/>\nCEU Bonsucesso<br \/>\nCEU Continental<br \/>\nCEU Jardim Cumbica<br \/>\nCEU Para\u00edso-Alvorada<br \/>\nCEU Ottawa-Uirapuru<br \/>\nCEU Parque S\u00e3o Miguel<br \/>\nCEU Pimentas<br \/>\nCEU Ponte Alta<br \/>\nCEU Presidente Dutra<br \/>\nCEU Rosa de Fran\u00e7a<br \/>\nCEU S\u00e3o Domingos<br \/>\nCEU Vila S\u00e3o Rafael<\/p>\n<p>Escolas da Prefeitura de Guarulhos<\/p>\n<p>Rubem Alves (Jardim Maria Dirce)<br \/>\nMarfilha Belloti (Cumbica)<br \/>\nCora Coralina (Cabu\u00e7u)<br \/>\nZuzu Angel (Vila Alzira)<br \/>\nJorge Mota de Oliveira (Cidade Industrial)<br \/>\nManuel Bandeira (Cidade Parque Alvorada)<br \/>\nDorival Caymmi (Ita\u00edm)<br \/>\nDorcelina de Oliveira (Parque Jurema)<br \/>\nGiovani Angelini (Jardim Bondan\u00e7a)<br \/>\nCarlos Drummond (Ser\u00f4dio)<br \/>\nSiqueira Bueno (Jardim Vila Galv\u00e3o)<br \/>\nS\u00edtio do Pica-pau Amarelo (Jardim Cocaia)<br \/>\nTia Nast\u00e1cia (Jardim Paraventi)<\/p>\n<p>Foto: Michel Wakin\/PMG<\/p>\n","protected":false},"excerpt":{"rendered":"<p>A alegria tomou conta do CEU Bonsucesso nesta segunda-feira (14) durante a abertura de mais uma edi\u00e7\u00e3o do projeto De F\u00e9rias nos CEUs. A programa\u00e7\u00e3o para as crian\u00e7as previamente inscritas segue at\u00e9 sexta-feira (18) com atividades que acontecem durante toda a semana, das 13h \u00e0s 17h, em todos os CEUs da cidade e no Cemear. [&hellip;]<\/p>\n","protected":false},"author":1,"featured_media":26181,"comment_status":"open","ping_status":"open","sticky":false,"template":"","format":"standard","meta":{"footnotes":""},"categories":[3,1],"tags":[],"class_list":{"0":"post-26180","1":"post","2":"type-post","3":"status-publish","4":"format-standard","5":"has-post-thumbnail","7":"category-guarulhos","8":"category-tudo"},"_links":{"self":[{"href":"https:\/\/jm-metropole.com.br\/site\/wp-json\/wp\/v2\/posts\/26180","targetHints":{"allow":["GET"]}}],"collection":[{"href":"https:\/\/jm-metropole.com.br\/site\/wp-json\/wp\/v2\/posts"}],"about":[{"href":"https:\/\/jm-metropole.com.br\/site\/wp-json\/wp\/v2\/types\/post"}],"author":[{"embeddable":true,"href":"https:\/\/jm-metropole.com.br\/site\/wp-json\/wp\/v2\/users\/1"}],"replies":[{"embeddable":true,"href":"https:\/\/jm-metropole.com.br\/site\/wp-json\/wp\/v2\/comments?post=26180"}],"version-history":[{"count":3,"href":"https:\/\/jm-metropole.com.br\/site\/wp-json\/wp\/v2\/posts\/26180\/revisions"}],"predecessor-version":[{"id":26184,"href":"https:\/\/jm-metropole.com.br\/site\/wp-json\/wp\/v2\/posts\/26180\/revisions\/26184"}],"wp:featuredmedia":[{"embeddable":true,"href":"https:\/\/jm-metropole.com.br\/site\/wp-json\/wp\/v2\/media\/26181"}],"wp:attachment":[{"href":"https:\/\/jm-metropole.com.br\/site\/wp-json\/wp\/v2\/media?parent=26180"}],"wp:term":[{"taxonomy":"category","embeddable":true,"href":"https:\/\/jm-metropole.com.br\/site\/wp-json\/wp\/v2\/categories?post=26180"},{"taxonomy":"post_tag","embeddable":true,"href":"https:\/\/jm-metropole.com.br\/site\/wp-json\/wp\/v2\/tags?post=26180"}],"curies":[{"name":"wp","href":"https:\/\/api.w.org\/{rel}","templated":true}]}}