{"id":26173,"date":"2025-07-14T14:19:26","date_gmt":"2025-07-14T17:19:26","guid":{"rendered":"https:\/\/jm-metropole.com.br\/site\/?p=26173"},"modified":"2025-07-14T14:19:26","modified_gmt":"2025-07-14T17:19:26","slug":"habitacao-faz-2a-chamada-para-cadastro-social-de-regularizacao-fundiaria-no-jardim-itaqua","status":"publish","type":"post","link":"https:\/\/jm-metropole.com.br\/site\/habitacao-faz-2a-chamada-para-cadastro-social-de-regularizacao-fundiaria-no-jardim-itaqua\/","title":{"rendered":"Habita\u00e7\u00e3o faz 2\u00aa chamada para cadastro social de regulariza\u00e7\u00e3o fundi\u00e1ria no Jardim Itaqu\u00e1"},"content":{"rendered":"<p>Etapa \u00e9 essencial para garantir o direito \u00e0 moradia regularizada<\/p>\n<p>A Prefeitura de Itaquaquecetuba realizar\u00e1 neste s\u00e1bado (12) e domingo (13) a segunda chamada para o cadastro social no Jardim Itaqu\u00e1, dando continuidade ao processo de regulariza\u00e7\u00e3o fundi\u00e1ria. Essa etapa \u00e9 essencial para garantir que as fam\u00edlias conquistem o direito \u00e0 moradia regularizada.<\/p>\n<p>Durante a a\u00e7\u00e3o, as equipes da Secretaria de Habita\u00e7\u00e3o v\u00e3o visitar as casas previamente seladas, ou seja, resid\u00eancias que foram identificadas em etapas anteriores e que ainda n\u00e3o conclu\u00edram o cadastro. O atendimento ser\u00e1 feito no s\u00e1bado, das 10h \u00e0s 17h, e no domingo, das 10h \u00e0s 13h.<\/p>\n<p>Al\u00e9m das visitas domiciliares, haver\u00e1 plant\u00e3o de atendimento no s\u00e1bado na Igreja S\u00e3o Jo\u00e3o Batista (rua dos Advogados, 451), mesmo local onde foi realizado o primeiro atendimento. \u201cSem cadastro n\u00e3o \u00e9 poss\u00edvel dar sequ\u00eancia ao processo de regulariza\u00e7\u00e3o, o que pode comprometer o direito \u00e0 titularidade do im\u00f3vel. Por isso \u00e9 fundamental que as fam\u00edlias que receberam a marca\u00e7\u00e3o em suas casas ou que ainda n\u00e3o participaram compare\u00e7am ao plant\u00e3o ou recebam a equipe\u201d, disse a secret\u00e1ria Angela Quirino.<\/p>\n<p>O cadastro social \u00e9 importante no processo de regulariza\u00e7\u00e3o fundi\u00e1ria porque permite identificar os moradores, conhecer a realidade de cada n\u00facleo familiar, levantar as informa\u00e7\u00f5es necess\u00e1rias e dar andamento \u00e0s a\u00e7\u00f5es de legaliza\u00e7\u00e3o dos im\u00f3veis.<\/p>\n<p>\u201cEstamos trabalhando para garantir que mais fam\u00edlias tenham acesso \u00e0 moradia digna, com seguran\u00e7a jur\u00eddica e infraestrutura. A regulariza\u00e7\u00e3o fundi\u00e1ria \u00e9 uma prioridade da nossa gest\u00e3o porque representa qualidade de vida e dignidade para a popula\u00e7\u00e3o\u201d, finalizou o prefeito Eduardo Boigues.<\/p>\n<p>Fotos: Dayane Oliveira<\/p>\n","protected":false},"excerpt":{"rendered":"<p>Etapa \u00e9 essencial para garantir o direito \u00e0 moradia regularizada A Prefeitura de Itaquaquecetuba realizar\u00e1 neste s\u00e1bado (12) e domingo (13) a segunda chamada para o cadastro social no Jardim Itaqu\u00e1, dando continuidade ao processo de regulariza\u00e7\u00e3o fundi\u00e1ria. Essa etapa \u00e9 essencial para garantir que as fam\u00edlias conquistem o direito \u00e0 moradia regularizada. Durante a [&hellip;]<\/p>\n","protected":false},"author":1,"featured_media":26174,"comment_status":"open","ping_status":"open","sticky":false,"template":"","format":"standard","meta":{"footnotes":""},"categories":[6],"tags":[],"class_list":{"0":"post-26173","1":"post","2":"type-post","3":"status-publish","4":"format-standard","5":"has-post-thumbnail","7":"category-itaqua"},"_links":{"self":[{"href":"https:\/\/jm-metropole.com.br\/site\/wp-json\/wp\/v2\/posts\/26173","targetHints":{"allow":["GET"]}}],"collection":[{"href":"https:\/\/jm-metropole.com.br\/site\/wp-json\/wp\/v2\/posts"}],"about":[{"href":"https:\/\/jm-metropole.com.br\/site\/wp-json\/wp\/v2\/types\/post"}],"author":[{"embeddable":true,"href":"https:\/\/jm-metropole.com.br\/site\/wp-json\/wp\/v2\/users\/1"}],"replies":[{"embeddable":true,"href":"https:\/\/jm-metropole.com.br\/site\/wp-json\/wp\/v2\/comments?post=26173"}],"version-history":[{"count":1,"href":"https:\/\/jm-metropole.com.br\/site\/wp-json\/wp\/v2\/posts\/26173\/revisions"}],"predecessor-version":[{"id":26175,"href":"https:\/\/jm-metropole.com.br\/site\/wp-json\/wp\/v2\/posts\/26173\/revisions\/26175"}],"wp:featuredmedia":[{"embeddable":true,"href":"https:\/\/jm-metropole.com.br\/site\/wp-json\/wp\/v2\/media\/26174"}],"wp:attachment":[{"href":"https:\/\/jm-metropole.com.br\/site\/wp-json\/wp\/v2\/media?parent=26173"}],"wp:term":[{"taxonomy":"category","embeddable":true,"href":"https:\/\/jm-metropole.com.br\/site\/wp-json\/wp\/v2\/categories?post=26173"},{"taxonomy":"post_tag","embeddable":true,"href":"https:\/\/jm-metropole.com.br\/site\/wp-json\/wp\/v2\/tags?post=26173"}],"curies":[{"name":"wp","href":"https:\/\/api.w.org\/{rel}","templated":true}]}}