{"id":26170,"date":"2025-07-14T14:18:27","date_gmt":"2025-07-14T17:18:27","guid":{"rendered":"https:\/\/jm-metropole.com.br\/site\/?p=26170"},"modified":"2025-07-14T14:18:27","modified_gmt":"2025-07-14T17:18:27","slug":"campanha-de-inverno-do-fundo-social-de-itaqua-ultrapassa-10-mil-itens-arrecadados","status":"publish","type":"post","link":"https:\/\/jm-metropole.com.br\/site\/campanha-de-inverno-do-fundo-social-de-itaqua-ultrapassa-10-mil-itens-arrecadados\/","title":{"rendered":"Campanha de inverno do Fundo Social de Itaqu\u00e1 ultrapassa 10 mil itens arrecadados"},"content":{"rendered":"<p>Doa\u00e7\u00f5es est\u00e3o sendo feitas para pessoas em situa\u00e7\u00e3o de vulnerabilidade social<\/p>\n<p>O Fundo Social de Solidariedade de Itaquaquecetuba ultrapassou a marca de 10 mil itens arrecadados na campanha de inverno \u201cTempo de Aquecer\u201d. As doa\u00e7\u00f5es j\u00e1 est\u00e3o sendo distribu\u00eddas para pessoas em situa\u00e7\u00e3o de vulnerabilidade social, levando acolhimento e prote\u00e7\u00e3o.<\/p>\n<p>A campanha ainda est\u00e1 aberta e fortalece o sentimento de solidariedade na comunidade, unindo esfor\u00e7os para garantir que ningu\u00e9m passe frio ou fique desamparado. S\u00e3o aceitos cobertores, toucas, luvas, meias e agasalhos.<\/p>\n<p>\u201cChegamos a 10 mil itens arrecadados, mas ainda h\u00e1 fam\u00edlias precisando. Ent\u00e3o continuem doando, isso \u00e9 fundamental para oferecermos conforto e dignidade neste inverno\u201d, disse a presidente do Fundo Social, Mila Boigues.<\/p>\n<p>Ao todo, o munic\u00edpio possui 26 pontos de coleta entre reparti\u00e7\u00f5es p\u00fablicas e estabelecimentos comerciais e as doa\u00e7\u00f5es s\u00e3o repassadas \u00e0s associa\u00e7\u00f5es, entidades, igrejas e Ongs cadastradas no \u00f3rg\u00e3o para que realizem a entrega \u00e0s fam\u00edlias. \u201dCada contribui\u00e7\u00e3o faz a diferen\u00e7a, fortalecendo a rede de apoio e promovendo inclus\u00e3o social\u201d, finalizou o prefeito Eduardo Boigues.<\/p>\n<p>Pontos de arrecada\u00e7\u00e3o:<\/p>\n<p>Fundo Social (r. Ver. Jos\u00e9 Barbosa de Ara\u00fajo, 197 \u2013 Vila Virg\u00ednia)<br \/>\nPrefeitura (av. Ver. Jo\u00e3o Fernandes da Silva, 283 \u2013 Vila Virg\u00ednia)<br \/>\nSec. de Abastecimento (r. Padre Anchieta, 78 \u2013 Centro)<br \/>\nSec. de Ass. Jur\u00eddicos (r. Ver. Jos\u00e9 Barbosa de Ara\u00fajo, 175 \u2013 Vila Virg\u00ednia)<br \/>\nSec. de Cultura (av. Ver. Jo\u00e3o Fernandes da Silva, 53 \u2013 Vila Virg\u00ednia)<br \/>\nSec. de Emprego e Des. Econ\u00f4mico (r. Dom Thomaz Frey, 89 \u2013 Centro)<br \/>\nSec. de Ass. Social (av. Ver. Jo\u00e3o Fernandes da Silva, 60 \u2013 Vila Virg\u00ednia)<br \/>\nSec. de Educa\u00e7\u00e3o (r. Uberl\u00e2ndia, 57 \u2013 Vila Virg\u00ednia)<br \/>\nSec. de Habita\u00e7\u00e3o (av. Jo\u00e3o Barbosa de Moraes, 750 \u2013 Vila Zeferina)<br \/>\nSec. de Meio Ambiente\/Planejamento (r. Ver. Jos\u00e9 Barbosa de Ara\u00fajo, 260 \u2013 Vila Virg\u00ednia)<br \/>\nSec. da Mulher, Dir. Humanos e Cidadania (r. Nem\u00e9sio C\u00e2ndido Gomes, 30 \u2013 Vila Zeferina)<br \/>\nSec. de Sa\u00fade (r. MMDC, 58 \u2013 Centro)<br \/>\nSec. de Seg. Urbana (av. Uberaba, 83 \u2013 Vila Virg\u00ednia)<br \/>\nSec. de Servi\u00e7os Urbanos\/Mob. Urbana\/Defesa Civil (r. Ali Hamoud, 40 \u2013 Alpes de Itaqu\u00e1)<br \/>\nC\u00e2mara Municipal (r. Vereador Jos\u00e9 Barbosa de Ara\u00fajo, 267 \u2013 Vila Virg\u00ednia)<br \/>\nGin\u00e1sio de Esportes (r. Santa Rita de C\u00e1ssia, 173 \u2013 Vila Jap\u00e3o)<br \/>\nDelegacia Central (av. Emancipa\u00e7\u00e3o, 97 \u2013 Centro)<br \/>\nPosto Policial (p\u00e7. Padre Jo\u00e3o \u00c1lvares \u2013 Centro)<br \/>\nF\u00f3rum Trabalhista (av. Ver. Jo\u00e3o Fernandes da Silva, 320 \u2013 Vila Virg\u00ednia)<br \/>\nF\u00f3rum Judici\u00e1rio (rod. Alberto Hinoto 1.170 e 1.194 \u2013 Jardim Cl\u00e1udia)<br \/>\nAcidi (r. Carlos Barbosa da Silva, 51 \u2013 Centro)<br \/>\nUNG (av. Uberaba, 251 \u2013 Vila Virg\u00ednia)<br \/>\nShibata (r. Piraju, 499 \u2013 Vila Monte Belo)<br \/>\nNagumo (rod. Alberto Hinoto, 1.254 \u2013 Vila Zeferina)<br \/>\nTakahashi (av. \u00cdtalo Adami, 800 \u2013 Vila Ursulina)<br \/>\nAtacad\u00e3o (rod. Jo\u00e3o Afonso de Souza Castellano, 1.414 \u2013 Vila Monte Belo)<\/p>\n<p>Fotos: Dayane Oliveira<\/p>\n","protected":false},"excerpt":{"rendered":"<p>Doa\u00e7\u00f5es est\u00e3o sendo feitas para pessoas em situa\u00e7\u00e3o de vulnerabilidade social O Fundo Social de Solidariedade de Itaquaquecetuba ultrapassou a marca de 10 mil itens arrecadados na campanha de inverno \u201cTempo de Aquecer\u201d. As doa\u00e7\u00f5es j\u00e1 est\u00e3o sendo distribu\u00eddas para pessoas em situa\u00e7\u00e3o de vulnerabilidade social, levando acolhimento e prote\u00e7\u00e3o. A campanha ainda est\u00e1 aberta [&hellip;]<\/p>\n","protected":false},"author":1,"featured_media":26171,"comment_status":"open","ping_status":"open","sticky":false,"template":"","format":"standard","meta":{"footnotes":""},"categories":[6],"tags":[],"class_list":{"0":"post-26170","1":"post","2":"type-post","3":"status-publish","4":"format-standard","5":"has-post-thumbnail","7":"category-itaqua"},"_links":{"self":[{"href":"https:\/\/jm-metropole.com.br\/site\/wp-json\/wp\/v2\/posts\/26170","targetHints":{"allow":["GET"]}}],"collection":[{"href":"https:\/\/jm-metropole.com.br\/site\/wp-json\/wp\/v2\/posts"}],"about":[{"href":"https:\/\/jm-metropole.com.br\/site\/wp-json\/wp\/v2\/types\/post"}],"author":[{"embeddable":true,"href":"https:\/\/jm-metropole.com.br\/site\/wp-json\/wp\/v2\/users\/1"}],"replies":[{"embeddable":true,"href":"https:\/\/jm-metropole.com.br\/site\/wp-json\/wp\/v2\/comments?post=26170"}],"version-history":[{"count":1,"href":"https:\/\/jm-metropole.com.br\/site\/wp-json\/wp\/v2\/posts\/26170\/revisions"}],"predecessor-version":[{"id":26172,"href":"https:\/\/jm-metropole.com.br\/site\/wp-json\/wp\/v2\/posts\/26170\/revisions\/26172"}],"wp:featuredmedia":[{"embeddable":true,"href":"https:\/\/jm-metropole.com.br\/site\/wp-json\/wp\/v2\/media\/26171"}],"wp:attachment":[{"href":"https:\/\/jm-metropole.com.br\/site\/wp-json\/wp\/v2\/media?parent=26170"}],"wp:term":[{"taxonomy":"category","embeddable":true,"href":"https:\/\/jm-metropole.com.br\/site\/wp-json\/wp\/v2\/categories?post=26170"},{"taxonomy":"post_tag","embeddable":true,"href":"https:\/\/jm-metropole.com.br\/site\/wp-json\/wp\/v2\/tags?post=26170"}],"curies":[{"name":"wp","href":"https:\/\/api.w.org\/{rel}","templated":true}]}}