{"id":26167,"date":"2025-07-14T14:17:22","date_gmt":"2025-07-14T17:17:22","guid":{"rendered":"https:\/\/jm-metropole.com.br\/site\/?p=26167"},"modified":"2025-07-14T14:17:22","modified_gmt":"2025-07-14T17:17:22","slug":"ballet-de-itaqua-e-destaque-em-festival-internacional-de-danca-com-premiacoes-e-indicacoes-nacionais","status":"publish","type":"post","link":"https:\/\/jm-metropole.com.br\/site\/ballet-de-itaqua-e-destaque-em-festival-internacional-de-danca-com-premiacoes-e-indicacoes-nacionais\/","title":{"rendered":"Ballet de Itaqu\u00e1 \u00e9 destaque em Festival Internacional de Dan\u00e7a com premia\u00e7\u00f5es e indica\u00e7\u00f5es nacionais"},"content":{"rendered":"<p>Cidade conquistou 1\u00ba lugar na dan\u00e7a do ventre e 4\u00ba lugar no ballet cl\u00e1ssico infanto-juvenil<\/p>\n<p>O ballet de Itaquaquecetuba foi um dos grandes destaques do 25\u00ba Festival Internacional de Dan\u00e7a de Barra Bonita, um dos eventos mais importantes do cen\u00e1rio da dan\u00e7a no Brasil.<\/p>\n<p>Com um grupo formado por 43 bailarinos, a cidade conquistou o 1\u00ba lugar na dan\u00e7a do ventre e o 4\u00ba lugar no ballet cl\u00e1ssico infanto-juvenil, al\u00e9m de indica\u00e7\u00f5es para os festivais de dan\u00e7a de Fortaleza (CE) e Bel\u00e9m (PA), com isen\u00e7\u00e3o de inscri\u00e7\u00e3o.<\/p>\n<p>As apresenta\u00e7\u00f5es foram avaliadas por jurados internacionais, que destacaram a plasticidade c\u00eanica, a limpeza t\u00e9cnica dos movimentos e a harmonia do conjunto. As avalia\u00e7\u00f5es tamb\u00e9m reconhecem a qualidade art\u00edstica e o trabalho pedag\u00f3gico desenvolvido pela Secretaria de Cultura de Itaqu\u00e1.<\/p>\n<p>\u201cO resultado \u00e9 fruto do trabalho s\u00e9rio, cont\u00ednuo e comprometido com a forma\u00e7\u00e3o dos artistas, reconhecendo a dedica\u00e7\u00e3o dos alunos, professores e da import\u00e2ncia de pol\u00edticas p\u00fablicas voltadas para a cultura\u201d, destacou a secret\u00e1ria Maria Ana Rosa.<\/p>\n<p>Na dan\u00e7a do ventre, as solistas Najla Rodrigues e T\u00e2nia Dupin impressionaram o p\u00fablico e os jurados com as coreografias Salamaleikum, Metamorfose e El Amar, conquistando o 1\u00ba lugar nas modalidades solo e duo. O desempenho garantiu indica\u00e7\u00f5es para dois dos principais festivais do pa\u00eds, em Fortaleza e Bel\u00e9m.<\/p>\n<p>J\u00e1 na categoria ballet cl\u00e1ssico infanto-juvenil, o grupo apresentou as coreografias Valsa da Floresta, Gotas de Orvalho, Festa da Vindima e Sonho P\u00farpura, que tamb\u00e9m receberam elogios pela execu\u00e7\u00e3o t\u00e9cnica e sensibilidade art\u00edstica.<\/p>\n<p>\u201cVer nossos jovens sendo reconhecidos em um festival desse porte \u00e9 motivo de orgulho para a cidade. Mostra que o investimento em cultura transforma vidas e coloca Itaqu\u00e1 em destaque\u201d, completou o prefeito Eduardo Boigues.<\/p>\n<p>Fotos: Matheus Cruz<\/p>\n","protected":false},"excerpt":{"rendered":"<p>Cidade conquistou 1\u00ba lugar na dan\u00e7a do ventre e 4\u00ba lugar no ballet cl\u00e1ssico infanto-juvenil O ballet de Itaquaquecetuba foi um dos grandes destaques do 25\u00ba Festival Internacional de Dan\u00e7a de Barra Bonita, um dos eventos mais importantes do cen\u00e1rio da dan\u00e7a no Brasil. Com um grupo formado por 43 bailarinos, a cidade conquistou o [&hellip;]<\/p>\n","protected":false},"author":1,"featured_media":26168,"comment_status":"open","ping_status":"open","sticky":false,"template":"","format":"standard","meta":{"footnotes":""},"categories":[6],"tags":[],"class_list":{"0":"post-26167","1":"post","2":"type-post","3":"status-publish","4":"format-standard","5":"has-post-thumbnail","7":"category-itaqua"},"_links":{"self":[{"href":"https:\/\/jm-metropole.com.br\/site\/wp-json\/wp\/v2\/posts\/26167","targetHints":{"allow":["GET"]}}],"collection":[{"href":"https:\/\/jm-metropole.com.br\/site\/wp-json\/wp\/v2\/posts"}],"about":[{"href":"https:\/\/jm-metropole.com.br\/site\/wp-json\/wp\/v2\/types\/post"}],"author":[{"embeddable":true,"href":"https:\/\/jm-metropole.com.br\/site\/wp-json\/wp\/v2\/users\/1"}],"replies":[{"embeddable":true,"href":"https:\/\/jm-metropole.com.br\/site\/wp-json\/wp\/v2\/comments?post=26167"}],"version-history":[{"count":1,"href":"https:\/\/jm-metropole.com.br\/site\/wp-json\/wp\/v2\/posts\/26167\/revisions"}],"predecessor-version":[{"id":26169,"href":"https:\/\/jm-metropole.com.br\/site\/wp-json\/wp\/v2\/posts\/26167\/revisions\/26169"}],"wp:featuredmedia":[{"embeddable":true,"href":"https:\/\/jm-metropole.com.br\/site\/wp-json\/wp\/v2\/media\/26168"}],"wp:attachment":[{"href":"https:\/\/jm-metropole.com.br\/site\/wp-json\/wp\/v2\/media?parent=26167"}],"wp:term":[{"taxonomy":"category","embeddable":true,"href":"https:\/\/jm-metropole.com.br\/site\/wp-json\/wp\/v2\/categories?post=26167"},{"taxonomy":"post_tag","embeddable":true,"href":"https:\/\/jm-metropole.com.br\/site\/wp-json\/wp\/v2\/tags?post=26167"}],"curies":[{"name":"wp","href":"https:\/\/api.w.org\/{rel}","templated":true}]}}