{"id":26086,"date":"2025-07-08T17:18:46","date_gmt":"2025-07-08T20:18:46","guid":{"rendered":"https:\/\/jm-metropole.com.br\/site\/?p=26086"},"modified":"2025-07-08T17:18:46","modified_gmt":"2025-07-08T20:18:46","slug":"prefeitura-abre-inscricoes-para-jovem-aprendiz-2025-em-aruja","status":"publish","type":"post","link":"https:\/\/jm-metropole.com.br\/site\/prefeitura-abre-inscricoes-para-jovem-aprendiz-2025-em-aruja\/","title":{"rendered":"PREFEITURA ABRE INSCRI\u00c7\u00d5ES PARA JOVEM APRENDIZ 2025 EM ARUJ\u00c1"},"content":{"rendered":"<p>A Prefeitura de Aruj\u00e1, por meio da Secretaria Municipal de Assist\u00eancia Social, abriu nesta segunda-feira (7) o per\u00edodo de inscri\u00e7\u00f5es para o Programa Jovem Aprendiz 2025, destinado a jovens de 16 a 21 anos incompletos, residentes no munic\u00edpio h\u00e1 pelo menos 12 meses e inscritos no Cadastro \u00danico para Programas Sociais. A iniciativa busca capacitar e oferecer oportunidade de ocupa\u00e7\u00e3o a adolescentes e jovens em situa\u00e7\u00e3o de vulnerabilidade.<\/p>\n<p>Ser\u00e3o oferecidas tr\u00eas vagas imediatas, al\u00e9m de forma\u00e7\u00e3o de cadastro reserva para novas oportunidades que surgirem. Os selecionados receber\u00e3o bolsa no valor de R$ 6,90 por hora, para jornada de 20 horas semanais, durante contrato de at\u00e9 22 meses. As atividades incluem capacita\u00e7\u00e3o pr\u00e1tica junto a \u00f3rg\u00e3os da administra\u00e7\u00e3o municipal.<\/p>\n<p>As inscri\u00e7\u00f5es podem ser realizadas at\u00e9 16 de julho, exclusivamente pelo site oficial: https:\/\/servicosonline.prefeituradearuja.sp.gov.br\/servicosonline\/arujaemprega\/. Ap\u00f3s o cadastro online, os candidatos dever\u00e3o apresentar documenta\u00e7\u00e3o obrigat\u00f3ria em data, hor\u00e1rio e local informados por e-mail.<\/p>\n<p>Para participar, \u00e9 necess\u00e1rio comprovar renda familiar de at\u00e9 dois sal\u00e1rios m\u00ednimos, estar cursando ou ter conclu\u00eddo o ensino m\u00e9dio em escola p\u00fablica ou como bolsista integral em escola particular e apresentar os documentos exigidos, como RG, CPF, comprovante de resid\u00eancia e folha resumo do Cadastro \u00danico.<\/p>\n<p>Em caso de n\u00famero de inscritos superior ao total de vagas, os crit\u00e9rios de desempate incluem maior n\u00famero de irm\u00e3os, idade, s\u00e9rie escolar mais avan\u00e7ada, tempo de moradia no munic\u00edpio e rendimento escolar.<\/p>\n<p>Mais informa\u00e7\u00f5es est\u00e3o dispon\u00edveis no edital n\u00ba 5.589\/2025, publicado nos canais oficiais da Prefeitura de Aruj\u00e1.<\/p>\n","protected":false},"excerpt":{"rendered":"<p>A Prefeitura de Aruj\u00e1, por meio da Secretaria Municipal de Assist\u00eancia Social, abriu nesta segunda-feira (7) o per\u00edodo de inscri\u00e7\u00f5es para o Programa Jovem Aprendiz 2025, destinado a jovens de 16 a 21 anos incompletos, residentes no munic\u00edpio h\u00e1 pelo menos 12 meses e inscritos no Cadastro \u00danico para Programas Sociais. A iniciativa busca capacitar [&hellip;]<\/p>\n","protected":false},"author":1,"featured_media":26087,"comment_status":"open","ping_status":"open","sticky":false,"template":"","format":"standard","meta":{"footnotes":""},"categories":[4],"tags":[],"class_list":{"0":"post-26086","1":"post","2":"type-post","3":"status-publish","4":"format-standard","5":"has-post-thumbnail","7":"category-aruja"},"_links":{"self":[{"href":"https:\/\/jm-metropole.com.br\/site\/wp-json\/wp\/v2\/posts\/26086","targetHints":{"allow":["GET"]}}],"collection":[{"href":"https:\/\/jm-metropole.com.br\/site\/wp-json\/wp\/v2\/posts"}],"about":[{"href":"https:\/\/jm-metropole.com.br\/site\/wp-json\/wp\/v2\/types\/post"}],"author":[{"embeddable":true,"href":"https:\/\/jm-metropole.com.br\/site\/wp-json\/wp\/v2\/users\/1"}],"replies":[{"embeddable":true,"href":"https:\/\/jm-metropole.com.br\/site\/wp-json\/wp\/v2\/comments?post=26086"}],"version-history":[{"count":1,"href":"https:\/\/jm-metropole.com.br\/site\/wp-json\/wp\/v2\/posts\/26086\/revisions"}],"predecessor-version":[{"id":26088,"href":"https:\/\/jm-metropole.com.br\/site\/wp-json\/wp\/v2\/posts\/26086\/revisions\/26088"}],"wp:featuredmedia":[{"embeddable":true,"href":"https:\/\/jm-metropole.com.br\/site\/wp-json\/wp\/v2\/media\/26087"}],"wp:attachment":[{"href":"https:\/\/jm-metropole.com.br\/site\/wp-json\/wp\/v2\/media?parent=26086"}],"wp:term":[{"taxonomy":"category","embeddable":true,"href":"https:\/\/jm-metropole.com.br\/site\/wp-json\/wp\/v2\/categories?post=26086"},{"taxonomy":"post_tag","embeddable":true,"href":"https:\/\/jm-metropole.com.br\/site\/wp-json\/wp\/v2\/tags?post=26086"}],"curies":[{"name":"wp","href":"https:\/\/api.w.org\/{rel}","templated":true}]}}