{"id":26083,"date":"2025-07-08T17:17:45","date_gmt":"2025-07-08T20:17:45","guid":{"rendered":"https:\/\/jm-metropole.com.br\/site\/?p=26083"},"modified":"2025-07-08T17:17:45","modified_gmt":"2025-07-08T20:17:45","slug":"3o-encontro-anual-de-antiguidades-acontece-no-dia-27-de-julho-domingo-em-aruja","status":"publish","type":"post","link":"https:\/\/jm-metropole.com.br\/site\/3o-encontro-anual-de-antiguidades-acontece-no-dia-27-de-julho-domingo-em-aruja\/","title":{"rendered":"3\u00ba Encontro Anual de Antiguidades acontece no dia 27 de julho (domingo) em Aruj\u00e1"},"content":{"rendered":"<p>Reunindo hist\u00f3ria, nostalgia e solidariedade, Aruj\u00e1 recebe, no dia 27 de julho, das 8 \u00e0s 16 horas, o 3\u00ba Encontro Anual de Antiguidades, iniciativa que tem o apoio da Prefeitura de Aruj\u00e1, em conjunto com a Feira do Microempreendedor, realizada pela Secretaria Municipal de Desenvolvimento Econ\u00f4mico. Em local diferente, mas com a mesma energia, o evento ser\u00e1 realizado na Avenida PL, 450, no Centro de Eventos Municipal.<\/p>\n<p>A exposi\u00e7\u00e3o trar\u00e1 raridades como caminh\u00f5es de bombeiros americanos da d\u00e9cada de 80, \u00f4nibus de turismo nacional, al\u00e9m de autom\u00f3veis cl\u00e1ssicos como Cadillac e Maverick. O p\u00fablico tamb\u00e9m poder\u00e1 escutar shows ao vivo, com as bandas Coletivo Pop e Ral\u00e9, e aproveitar a gastronomia local acompanhada de um chopp gelado.<\/p>\n<p>A entrada do evento \u00e9 gratuita e vale ressaltar que, na doa\u00e7\u00e3o de 2 quilos de alimentos n\u00e3o perec\u00edveis, cada colaborador concorrer\u00e1 a sorteios de brindes exclusivos.<\/p>\n<p>Hist\u00f3rico<\/p>\n<p>Tradicional na cidade, o encontro contou, em sua \u00faltima edi\u00e7\u00e3o anual, com mais de 600 ve\u00edculos antigos, cerca de 8 mil visitantes, al\u00e9m de cinco mil quilos de alimentos arrecadados para o Fundo Social de Solidariedade. Para 2025, a meta dos organizadores \u00e9 ultrapassar esses n\u00fameros com a ajuda da popula\u00e7\u00e3o arujaense.<\/p>\n<p>Para mais informa\u00e7\u00f5es, acesse o instagram: @encontro_de_antiguidades<\/p>\n","protected":false},"excerpt":{"rendered":"<p>Reunindo hist\u00f3ria, nostalgia e solidariedade, Aruj\u00e1 recebe, no dia 27 de julho, das 8 \u00e0s 16 horas, o 3\u00ba Encontro Anual de Antiguidades, iniciativa que tem o apoio da Prefeitura de Aruj\u00e1, em conjunto com a Feira do Microempreendedor, realizada pela Secretaria Municipal de Desenvolvimento Econ\u00f4mico. Em local diferente, mas com a mesma energia, o [&hellip;]<\/p>\n","protected":false},"author":1,"featured_media":26084,"comment_status":"open","ping_status":"open","sticky":false,"template":"","format":"standard","meta":{"footnotes":""},"categories":[4],"tags":[],"class_list":{"0":"post-26083","1":"post","2":"type-post","3":"status-publish","4":"format-standard","5":"has-post-thumbnail","7":"category-aruja"},"_links":{"self":[{"href":"https:\/\/jm-metropole.com.br\/site\/wp-json\/wp\/v2\/posts\/26083","targetHints":{"allow":["GET"]}}],"collection":[{"href":"https:\/\/jm-metropole.com.br\/site\/wp-json\/wp\/v2\/posts"}],"about":[{"href":"https:\/\/jm-metropole.com.br\/site\/wp-json\/wp\/v2\/types\/post"}],"author":[{"embeddable":true,"href":"https:\/\/jm-metropole.com.br\/site\/wp-json\/wp\/v2\/users\/1"}],"replies":[{"embeddable":true,"href":"https:\/\/jm-metropole.com.br\/site\/wp-json\/wp\/v2\/comments?post=26083"}],"version-history":[{"count":1,"href":"https:\/\/jm-metropole.com.br\/site\/wp-json\/wp\/v2\/posts\/26083\/revisions"}],"predecessor-version":[{"id":26085,"href":"https:\/\/jm-metropole.com.br\/site\/wp-json\/wp\/v2\/posts\/26083\/revisions\/26085"}],"wp:featuredmedia":[{"embeddable":true,"href":"https:\/\/jm-metropole.com.br\/site\/wp-json\/wp\/v2\/media\/26084"}],"wp:attachment":[{"href":"https:\/\/jm-metropole.com.br\/site\/wp-json\/wp\/v2\/media?parent=26083"}],"wp:term":[{"taxonomy":"category","embeddable":true,"href":"https:\/\/jm-metropole.com.br\/site\/wp-json\/wp\/v2\/categories?post=26083"},{"taxonomy":"post_tag","embeddable":true,"href":"https:\/\/jm-metropole.com.br\/site\/wp-json\/wp\/v2\/tags?post=26083"}],"curies":[{"name":"wp","href":"https:\/\/api.w.org\/{rel}","templated":true}]}}