{"id":26074,"date":"2025-07-08T14:46:17","date_gmt":"2025-07-08T17:46:17","guid":{"rendered":"https:\/\/jm-metropole.com.br\/site\/?p=26074"},"modified":"2025-07-08T14:46:17","modified_gmt":"2025-07-08T17:46:17","slug":"operacao-conjunta-da-gcm-e-pm-foca-em-adegas-irregulares-em-aruja","status":"publish","type":"post","link":"https:\/\/jm-metropole.com.br\/site\/operacao-conjunta-da-gcm-e-pm-foca-em-adegas-irregulares-em-aruja\/","title":{"rendered":"Opera\u00e7\u00e3o conjunta da GCM e PM foca em adegas irregulares em Aruj\u00e1"},"content":{"rendered":"<p>Na noite de sexta-feira (04), a Guarda Civil Municipal (GCM) e a Pol\u00edcia Militar (PM) realizaram uma opera\u00e7\u00e3o conjunta, das 19 \u00e0s 23 horas, em Aruj\u00e1, com o objetivo de fiscalizar adegas que operam de forma irregular no munic\u00edpio. A a\u00e7\u00e3o resultou em dez estabelecimentos comerciais vistoriados e na interdi\u00e7\u00e3o de oito deles, por aus\u00eancia de licen\u00e7a de funcionamento.<\/p>\n<p>A opera\u00e7\u00e3o, que contou com o acompanhamento direto do secret\u00e1rio municipal de Seguran\u00e7a P\u00fablica, Washington Adami, foi realizada em diversos bairros da cidade e em endere\u00e7os como Avenida dos Expedicion\u00e1rios, Avenida Railda Alves de Oliveira, Rua Lu\u00eds Talarico, Rua At\u00edlio Garrone, Avenida Ant\u00f4nio Armando Justi\u00e7a e Rua J\u00falio Felipe da Silva.<\/p>\n<p>De acordo com o secret\u00e1rio, esta \u00e9 apenas a primeira de uma s\u00e9rie de opera\u00e7\u00f5es que ser\u00e3o realizadas para coibir o funcionamento de adegas sem alvar\u00e1 e aquelas que causam perturba\u00e7\u00e3o ao sossego, com emiss\u00e3o de ru\u00eddos em volume elevado. &#8220;Todas as adegas que estiverem irregulares ou provocando barulho excessivo ser\u00e3o devidamente lacradas. Apenas os estabelecimentos com documenta\u00e7\u00e3o em ordem continuar\u00e3o funcionando normalmente&#8221;, afirmou.<\/p>\n<p>A opera\u00e7\u00e3o responde \u00e0s queixas da popula\u00e7\u00e3o sobre a ocorr\u00eancia de eventos irregulares e atividades comerciais, que operam durante a madrugada, infringindo a legisla\u00e7\u00e3o. A Secretaria de Seguran\u00e7a de Aruj\u00e1 refor\u00e7a que o objetivo da for\u00e7a-tarefa \u00e9 garantir a ordem p\u00fablica e a tranquilidade dos moradores.<\/p>\n<p>A a\u00e7\u00e3o contou com o apoio integrado das for\u00e7as de seguran\u00e7a e fiscaliza\u00e7\u00e3o do munic\u00edpio, incluindo a Secretaria Municipal de Planejamento, Secretaria Municipal de Seguran\u00e7a P\u00fablica e a Pol\u00edcia Militar do Estado de S\u00e3o Paulo, com o emprego de uma viatura da Fiscaliza\u00e7\u00e3o Municipal, tr\u00eas da GCM, duas motocicletas da PM, uma viatura da Pol\u00edcia Militar (pela Atividade Delegada) e efetivo de seis guardas municipais, quatro PMs e um fiscal municipal. Os estabelecimentos interditados foram notificados e orientados quanto \u00e0 regulariza\u00e7\u00e3o necess\u00e1ria.<\/p>\n<p>Novas a\u00e7\u00f5es j\u00e1 est\u00e3o programadas para os pr\u00f3ximos dias, com o objetivo de manter a fiscaliza\u00e7\u00e3o e garantir a regularidade dos estabelecimentos comerciais em Aruj\u00e1.<\/p>\n","protected":false},"excerpt":{"rendered":"<p>Na noite de sexta-feira (04), a Guarda Civil Municipal (GCM) e a Pol\u00edcia Militar (PM) realizaram uma opera\u00e7\u00e3o conjunta, das 19 \u00e0s 23 horas, em Aruj\u00e1, com o objetivo de fiscalizar adegas que operam de forma irregular no munic\u00edpio. A a\u00e7\u00e3o resultou em dez estabelecimentos comerciais vistoriados e na interdi\u00e7\u00e3o de oito deles, por aus\u00eancia [&hellip;]<\/p>\n","protected":false},"author":1,"featured_media":26075,"comment_status":"open","ping_status":"open","sticky":false,"template":"","format":"standard","meta":{"footnotes":""},"categories":[4],"tags":[],"class_list":{"0":"post-26074","1":"post","2":"type-post","3":"status-publish","4":"format-standard","5":"has-post-thumbnail","7":"category-aruja"},"_links":{"self":[{"href":"https:\/\/jm-metropole.com.br\/site\/wp-json\/wp\/v2\/posts\/26074","targetHints":{"allow":["GET"]}}],"collection":[{"href":"https:\/\/jm-metropole.com.br\/site\/wp-json\/wp\/v2\/posts"}],"about":[{"href":"https:\/\/jm-metropole.com.br\/site\/wp-json\/wp\/v2\/types\/post"}],"author":[{"embeddable":true,"href":"https:\/\/jm-metropole.com.br\/site\/wp-json\/wp\/v2\/users\/1"}],"replies":[{"embeddable":true,"href":"https:\/\/jm-metropole.com.br\/site\/wp-json\/wp\/v2\/comments?post=26074"}],"version-history":[{"count":1,"href":"https:\/\/jm-metropole.com.br\/site\/wp-json\/wp\/v2\/posts\/26074\/revisions"}],"predecessor-version":[{"id":26076,"href":"https:\/\/jm-metropole.com.br\/site\/wp-json\/wp\/v2\/posts\/26074\/revisions\/26076"}],"wp:featuredmedia":[{"embeddable":true,"href":"https:\/\/jm-metropole.com.br\/site\/wp-json\/wp\/v2\/media\/26075"}],"wp:attachment":[{"href":"https:\/\/jm-metropole.com.br\/site\/wp-json\/wp\/v2\/media?parent=26074"}],"wp:term":[{"taxonomy":"category","embeddable":true,"href":"https:\/\/jm-metropole.com.br\/site\/wp-json\/wp\/v2\/categories?post=26074"},{"taxonomy":"post_tag","embeddable":true,"href":"https:\/\/jm-metropole.com.br\/site\/wp-json\/wp\/v2\/tags?post=26074"}],"curies":[{"name":"wp","href":"https:\/\/api.w.org\/{rel}","templated":true}]}}