{"id":26050,"date":"2025-07-07T17:20:57","date_gmt":"2025-07-07T20:20:57","guid":{"rendered":"https:\/\/jm-metropole.com.br\/site\/?p=26050"},"modified":"2025-07-07T17:20:57","modified_gmt":"2025-07-07T20:20:57","slug":"defesa-civil-alerta-para-queda-de-temperatura-no-estado-de-sao-paulo","status":"publish","type":"post","link":"https:\/\/jm-metropole.com.br\/site\/defesa-civil-alerta-para-queda-de-temperatura-no-estado-de-sao-paulo\/","title":{"rendered":"Defesa Civil alerta para queda de temperatura no estado de S\u00e3o Paulo"},"content":{"rendered":"<div class=\"header-noticia full-width\">\n<div class=\"linha-fina-noticia\">M\u00ednimas podem chegar a 6\u00b0C na Serra e a 9\u00b0C na Regi\u00e3o Metropolitana<\/div>\n<\/div>\n<div class=\"container-autoria\"><\/div>\n<div>\n<p><strong>As temperaturas devem voltar a cair em todo o estado de S\u00e3o Paulo entre esta segunda-feira (7) e a pr\u00f3xima sexta-feira (11).<\/strong>\u00a0Segundo a Defesa Civil do Estado de S\u00e3o Paulo, a\u00a0perman\u00eancia de uma massa de ar frio sobre o territ\u00f3rio paulista pode provocar queda significativa tanto nas temperaturas m\u00ednimas quanto m\u00e1ximas.\u00a0<img decoding=\"async\" src=\"https:\/\/agenciabrasil.ebc.com.br\/ebc.png?id=1649944&amp;o=node\" \/><img decoding=\"async\" src=\"https:\/\/agenciabrasil.ebc.com.br\/ebc.gif?id=1649944&amp;o=node\" \/><\/p>\n<p><strong>A m\u00ednima pode chegar a 6\u00b0C nas regi\u00f5es da Serra da Mantiqueira, Vale do Ribeira e Itapeva\u00a0<\/strong>e alcan\u00e7ar 8\u00b0C nas regi\u00f5es do Vale do Para\u00edba, Sorocaba, Campinas, Bauru e Araraquara. J\u00e1 na regi\u00e3o metropolitana de S\u00e3o Paulo e nas regi\u00f5es de Presidente Prudente e Mar\u00edlia, a m\u00ednima pode chegar a 9\u00b0C.<\/p>\n<p>No litoral paulista, tanto na Baixada Santista quanto no Litoral Norte, a temperatura m\u00ednima pode chegar a 14\u00b0C. J\u00e1 nas regi\u00f5es de Ara\u00e7atuba e S\u00e3o Jos\u00e9 do Rio Preto, a m\u00ednima deve ser de 11\u00b0C.<\/p>\n<p><a href=\"https:\/\/www.whatsapp.com\/channel\/0029VaoRTgrInlqYLSk59B2M\" target=\"_blank\" rel=\"noopener\">&gt;&gt; Siga o canal da\u00a0<strong>Ag\u00eancia Brasil\u00a0<\/strong>no WhatsApp<\/a><\/p>\n<p>Por causa da queda na temperatura durante esta semana no estado,\u00a0<strong>a Defesa Civil est\u00e1 refor\u00e7ando a necessidade de se dar uma aten\u00e7\u00e3o especial para as popula\u00e7\u00f5es mais vulner\u00e1veis como idosos, crian\u00e7as e pessoas com problemas de sa\u00fade e em situa\u00e7\u00e3o de rua<\/strong>, que s\u00e3o as mais suscet\u00edveis aos efeitos do frio intenso.<\/p>\n<p><strong>A recomenda\u00e7\u00e3o do \u00f3rg\u00e3o \u00e9 para que a popula\u00e7\u00e3o redobre seus cuidados com agasalho e hidrata\u00e7\u00e3o e mantenha os ambientes com uma ventila\u00e7\u00e3o adequada.<\/strong><\/p>\n<p>*Com informa\u00e7\u00f5es de Ag\u00eancia Brasil<\/p>\n<\/div>\n","protected":false},"excerpt":{"rendered":"<p>M\u00ednimas podem chegar a 6\u00b0C na Serra e a 9\u00b0C na Regi\u00e3o Metropolitana As temperaturas devem voltar a cair em todo o estado de S\u00e3o Paulo entre esta segunda-feira (7) e a pr\u00f3xima sexta-feira (11).\u00a0Segundo a Defesa Civil do Estado de S\u00e3o Paulo, a\u00a0perman\u00eancia de uma massa de ar frio sobre o territ\u00f3rio paulista pode [&hellip;]<\/p>\n","protected":false},"author":1,"featured_media":26051,"comment_status":"open","ping_status":"open","sticky":false,"template":"","format":"standard","meta":{"footnotes":""},"categories":[48],"tags":[],"class_list":{"0":"post-26050","1":"post","2":"type-post","3":"status-publish","4":"format-standard","5":"has-post-thumbnail","7":"category-geral"},"_links":{"self":[{"href":"https:\/\/jm-metropole.com.br\/site\/wp-json\/wp\/v2\/posts\/26050","targetHints":{"allow":["GET"]}}],"collection":[{"href":"https:\/\/jm-metropole.com.br\/site\/wp-json\/wp\/v2\/posts"}],"about":[{"href":"https:\/\/jm-metropole.com.br\/site\/wp-json\/wp\/v2\/types\/post"}],"author":[{"embeddable":true,"href":"https:\/\/jm-metropole.com.br\/site\/wp-json\/wp\/v2\/users\/1"}],"replies":[{"embeddable":true,"href":"https:\/\/jm-metropole.com.br\/site\/wp-json\/wp\/v2\/comments?post=26050"}],"version-history":[{"count":1,"href":"https:\/\/jm-metropole.com.br\/site\/wp-json\/wp\/v2\/posts\/26050\/revisions"}],"predecessor-version":[{"id":26052,"href":"https:\/\/jm-metropole.com.br\/site\/wp-json\/wp\/v2\/posts\/26050\/revisions\/26052"}],"wp:featuredmedia":[{"embeddable":true,"href":"https:\/\/jm-metropole.com.br\/site\/wp-json\/wp\/v2\/media\/26051"}],"wp:attachment":[{"href":"https:\/\/jm-metropole.com.br\/site\/wp-json\/wp\/v2\/media?parent=26050"}],"wp:term":[{"taxonomy":"category","embeddable":true,"href":"https:\/\/jm-metropole.com.br\/site\/wp-json\/wp\/v2\/categories?post=26050"},{"taxonomy":"post_tag","embeddable":true,"href":"https:\/\/jm-metropole.com.br\/site\/wp-json\/wp\/v2\/tags?post=26050"}],"curies":[{"name":"wp","href":"https:\/\/api.w.org\/{rel}","templated":true}]}}