{"id":26047,"date":"2025-07-07T16:16:17","date_gmt":"2025-07-07T19:16:17","guid":{"rendered":"https:\/\/jm-metropole.com.br\/site\/?p=26047"},"modified":"2025-07-07T16:16:17","modified_gmt":"2025-07-07T19:16:17","slug":"governo-de-sp-lanca-bom-prato-inverno-com-caldos-no-jantar","status":"publish","type":"post","link":"https:\/\/jm-metropole.com.br\/site\/governo-de-sp-lanca-bom-prato-inverno-com-caldos-no-jantar\/","title":{"rendered":"Governo de SP lan\u00e7a Bom Prato Inverno com caldos no jantar"},"content":{"rendered":"<div class=\"elementor-element elementor-element-4784657 elementor-widget__width-initial elementor-widget elementor-widget-theme-post-excerpt\" data-id=\"4784657\" data-element_type=\"widget\" data-widget_type=\"theme-post-excerpt.default\">\n<div class=\"elementor-widget-container\">Com o foco na seguran\u00e7a alimentar e no maior acolhimento, seis unidades da rede servir\u00e3o refei\u00e7\u00e3o quente<\/div>\n<\/div>\n<div class=\"elementor-element elementor-element-4b063fb elementor-widget elementor-widget-image\" data-id=\"4b063fb\" data-element_type=\"widget\" data-widget_type=\"image.default\"><\/div>\n<div data-id=\"4b063fb\" data-element_type=\"widget\" data-widget_type=\"image.default\">\n<p>O Governo de S\u00e3o Paulo lan\u00e7ou nesta segunda-feira (7) o Bom Prato Inverno. O programa vai oferecer caldos quentes no jantar para a popula\u00e7\u00e3o em situa\u00e7\u00e3o de vulnerabilidade social. A medida ser\u00e1 implementada inicialmente em seis unidades da rede: Cap\u00e3o Redondo, Jacare\u00ed, Jandira, Mar\u00edlia, Taubat\u00e9 e S\u00e3o Jos\u00e9 dos Campos.<\/p>\n<p>\u201cA oferta de refei\u00e7\u00f5es quentes, como os caldos, \u00e9 uma medida importante nesta \u00e9poca do ano. Nossa Diretoria de Combate \u00e0 Fome est\u00e1 atenta \u00e0s mudan\u00e7as na temperatura para adequar o que \u00e9 servido na rede Bom Prato, trazendo mais acolhimento no per\u00edodo\u201d, afirma a secret\u00e1ria de Desenvolvimento Social, Andrezza Rosal\u00e9m.<\/p>\n<p>Integrando a Opera\u00e7\u00e3o Inverno 2025, que acontece entre 1\u00ba de junho e 22 de setembro, o Bom Prato Inverno tem como objetivo oferecer refei\u00e7\u00f5es quentes, nutritivas e saborosas. Al\u00e9m de proporcionarem aquecimento corporal, os caldos tamb\u00e9m auxiliam na hidrata\u00e7\u00e3o. Para a respons\u00e1vel pelo Programa Bom Prato, Rita Dalmaso, o consumo de alimentos quentes vai al\u00e9m do conforto: trata-se de uma quest\u00e3o de sa\u00fade e bem-estar.<\/p>\n<p>\u201cAl\u00e9m de garantir uma alimenta\u00e7\u00e3o de qualidade e acess\u00edvel, incluir um complemento quente, como o caldo, representa um gesto de cuidado e aten\u00e7\u00e3o\u201d, explica. \u201cEm tempos de frio intenso, esse gesto refor\u00e7a o compromisso do programa com o bem-estar e a dignidade daqueles que frequentam nossos restaurantes\u201d, conclui.<\/p>\n<h2 class=\"wp-block-heading\">Sobre o Bom Prato<\/h2>\n<p>Criado em 28 de dezembro de 2000, o programa Bom Prato tem como objetivo oferecer refei\u00e7\u00f5es saud\u00e1veis e de alta qualidade a um custo acess\u00edvel \u00e0 popula\u00e7\u00e3o de baixa renda ou em situa\u00e7\u00e3o de vulnerabilidade social. Subsidiada pelo Governo de S\u00e3o Paulo, a rede de restaurantes populares conta com 121 pontos de atendimento no estado, sendo 71 unidades fixas, 46 pontos de atendimento do Bom Prato M\u00f3vel e 4 refeit\u00f3rios.<\/p>\n<p>Para mais informa\u00e7\u00f5es sobre endere\u00e7os e hor\u00e1rios de funcionamento, acesse o site:<\/p>\n<blockquote class=\"wp-embedded-content\" data-secret=\"X7xSyaZOsW\"><p><a href=\"https:\/\/www.desenvolvimentosocial.sp.gov.br\/acoes-de-protecao-social\/programa-bom-prato\/\">Programa Bom Prato<\/a><\/p><\/blockquote>\n<p><iframe loading=\"lazy\" class=\"wp-embedded-content\" sandbox=\"allow-scripts\" security=\"restricted\" style=\"position: absolute; visibility: hidden;\" title=\"&#8220;Programa Bom Prato&#8221; &#8212; Secretaria de Desenvolvimento Social do Estado de S\u00e3o Paulo\" src=\"https:\/\/www.desenvolvimentosocial.sp.gov.br\/acoes-de-protecao-social\/programa-bom-prato\/embed\/#?secret=X7xSyaZOsW\" data-secret=\"X7xSyaZOsW\" width=\"600\" height=\"338\" frameborder=\"0\" marginwidth=\"0\" marginheight=\"0\" scrolling=\"no\"><\/iframe><\/p>\n<p>*Com informa\u00e7\u00f5es de Ag\u00eancia SP<\/p>\n<\/div>\n","protected":false},"excerpt":{"rendered":"<p>Com o foco na seguran\u00e7a alimentar e no maior acolhimento, seis unidades da rede servir\u00e3o refei\u00e7\u00e3o quente O Governo de S\u00e3o Paulo lan\u00e7ou nesta segunda-feira (7) o Bom Prato Inverno. O programa vai oferecer caldos quentes no jantar para a popula\u00e7\u00e3o em situa\u00e7\u00e3o de vulnerabilidade social. A medida ser\u00e1 implementada inicialmente em seis unidades da [&hellip;]<\/p>\n","protected":false},"author":1,"featured_media":26048,"comment_status":"open","ping_status":"open","sticky":false,"template":"","format":"standard","meta":{"footnotes":""},"categories":[48],"tags":[],"class_list":{"0":"post-26047","1":"post","2":"type-post","3":"status-publish","4":"format-standard","5":"has-post-thumbnail","7":"category-geral"},"_links":{"self":[{"href":"https:\/\/jm-metropole.com.br\/site\/wp-json\/wp\/v2\/posts\/26047","targetHints":{"allow":["GET"]}}],"collection":[{"href":"https:\/\/jm-metropole.com.br\/site\/wp-json\/wp\/v2\/posts"}],"about":[{"href":"https:\/\/jm-metropole.com.br\/site\/wp-json\/wp\/v2\/types\/post"}],"author":[{"embeddable":true,"href":"https:\/\/jm-metropole.com.br\/site\/wp-json\/wp\/v2\/users\/1"}],"replies":[{"embeddable":true,"href":"https:\/\/jm-metropole.com.br\/site\/wp-json\/wp\/v2\/comments?post=26047"}],"version-history":[{"count":1,"href":"https:\/\/jm-metropole.com.br\/site\/wp-json\/wp\/v2\/posts\/26047\/revisions"}],"predecessor-version":[{"id":26049,"href":"https:\/\/jm-metropole.com.br\/site\/wp-json\/wp\/v2\/posts\/26047\/revisions\/26049"}],"wp:featuredmedia":[{"embeddable":true,"href":"https:\/\/jm-metropole.com.br\/site\/wp-json\/wp\/v2\/media\/26048"}],"wp:attachment":[{"href":"https:\/\/jm-metropole.com.br\/site\/wp-json\/wp\/v2\/media?parent=26047"}],"wp:term":[{"taxonomy":"category","embeddable":true,"href":"https:\/\/jm-metropole.com.br\/site\/wp-json\/wp\/v2\/categories?post=26047"},{"taxonomy":"post_tag","embeddable":true,"href":"https:\/\/jm-metropole.com.br\/site\/wp-json\/wp\/v2\/tags?post=26047"}],"curies":[{"name":"wp","href":"https:\/\/api.w.org\/{rel}","templated":true}]}}