{"id":26023,"date":"2025-07-04T12:05:04","date_gmt":"2025-07-04T15:05:04","guid":{"rendered":"https:\/\/jm-metropole.com.br\/site\/?p=26023"},"modified":"2025-07-04T12:05:04","modified_gmt":"2025-07-04T15:05:04","slug":"prefeitura-realiza-acoes-de-prevencao-a-hepatites-virais-no-julho-amarelo","status":"publish","type":"post","link":"https:\/\/jm-metropole.com.br\/site\/prefeitura-realiza-acoes-de-prevencao-a-hepatites-virais-no-julho-amarelo\/","title":{"rendered":"Prefeitura realiza a\u00e7\u00f5es de preven\u00e7\u00e3o a hepatites virais no Julho Amarelo"},"content":{"rendered":"<p>A cidade de Guarulhos est\u00e1 engajada na campanha Julho Amarelo, dedicada \u00e0 conscientiza\u00e7\u00e3o e combate \u00e0s hepatites virais. Essas doen\u00e7as infecciosas, que afetam o f\u00edgado, podem evoluir para condi\u00e7\u00f5es graves como cirrose e c\u00e2ncer se n\u00e3o forem diagnosticadas e tratadas precocemente. A iniciativa, liderada pelo Departamento de Aten\u00e7\u00e3o Integral \u00e0 Sa\u00fade (DAIS) da Prefeitura de Guarulhos, visa a informar a popula\u00e7\u00e3o sobre os diferentes tipos de hepatites (A, B, C, D e E), suas formas de transmiss\u00e3o, sintomas e, principalmente, a import\u00e2ncia da preven\u00e7\u00e3o, testagem e tratamento.<\/p>\n<p>As hepatites virais costumam ser silenciosas, o que significa que muitas pessoas podem estar infectadas sem saber, contribuindo para a propaga\u00e7\u00e3o da doen\u00e7a. Por isso, as a\u00e7\u00f5es do Julho Amarelo s\u00e3o cruciais para oferecer informa\u00e7\u00f5es e acesso a servi\u00e7os de sa\u00fade.<\/p>\n<p>Programa\u00e7\u00e3o Especial do DAIS em Guarulhos<\/p>\n<p>Durante todo o m\u00eas de julho, o DAIS preparou uma s\u00e9rie de eventos e atividades gratuitas para a popula\u00e7\u00e3o de Guarulhos. Confira a programa\u00e7\u00e3o atualizada:<\/p>\n<p>4\/7 (sexta-feira): o programa IST\/Aids e Hepatites Virais realizar\u00e1 uma a\u00e7\u00e3o especial de conscientiza\u00e7\u00e3o no cal\u00e7ad\u00e3o da D. Pedro II, em frente ao Armarinhos Fernando.<br \/>\nPalestra sobre hepatites virais na UBS Cavadas (rua Cavadas, 412, Vila S\u00e3o Jo\u00e3o).<\/p>\n<p>7\/7 (segunda-feira): gestantes recebem uma palestra sobre a import\u00e2ncia da vacina BCG na UBS inocoop (rua Elias Dabarian, 310, Parque Residencial Cumbica).<\/p>\n<p>8\/7 (ter\u00e7a-feira): apresenta\u00e7\u00e3o de Indicadores de Hepatites Virais \u00e0s 9h. O evento contar\u00e1 com a apresenta\u00e7\u00e3o de metas priorit\u00e1rias do programa IST\/Aids e Hepatites Virais no anfiteatro do Complexo Hospitalar Padre Bento de Guarulhos (CHPBG).<\/p>\n<p>13\/7 (domingo): palestra sobre educa\u00e7\u00e3o em sa\u00fade sobre hepatites na UBS Bananal (rua Martinica, 11, Parque Santos Dumont).<\/p>\n<p>16\/7 (quarta-feira): para o grupo de planejamento familiar, ser\u00e3o oferecidas orienta\u00e7\u00f5es sobre hepatite, \u00e0s 9h, na UBS Tranquilidade (avenida Em\u00edlio Ribas, 1897, Jardim Tranquilidade).<\/p>\n<p>24\/7 (quinta-feira): a m\u00e9dica e musicoterapeuta Telma de Moura Reis conduzir\u00e1 a palestra &#8220;Hepatite viral: entenda, previna-se e proteja-se&#8221; no Cempics, \u00e0s 9h. A atividade, parte da programa\u00e7\u00e3o mensal do Grupo Integrativo, \u00e9 aberta ao p\u00fablico, n\u00e3o necessita de inscri\u00e7\u00e3o pr\u00e9via e acomoda at\u00e9 30 pessoas.<\/p>\n<p>28\/7 (segunda-feira): palestra sobre hepatites virais na UBS Jovaia (avenida Brigadeiro Faria Lima, 1362, Jardim Rossi).<br \/>\nRoda de conversa sobre hepatites virais \u2013 causas e tratamentos, no CAPS Arco \u00cdris II (rua Nova Cana\u00e3, 539, S\u00e3o Jo\u00e3o\/Bonsucesso), \u00e0s 10h.<\/p>\n<p>29\/7 (ter\u00e7a-feira): grupo de adolescentes do CAPS II Recriar (rua Michael Andr\u00e9as Kratz, 111, Macedo) recebem orienta\u00e7\u00f5es sobre hepatites virais, \u00e0s 9h.<\/p>\n<p>30\/7 (quarta-feira): Dia Mundial de Luta Contra as Hepatites Virais, data de suma import\u00e2ncia para refor\u00e7ar a conscientiza\u00e7\u00e3o global.<\/p>\n<p>31\/7 (quinta-feira): testagem r\u00e1pida de hepatite B com busca ativa na UBS S\u00e3o Rafael (rua Domingos de Abreu, 216, Jardim Vila Galv\u00e3o), \u00e0s 14h.<\/p>\n","protected":false},"excerpt":{"rendered":"<p>A cidade de Guarulhos est\u00e1 engajada na campanha Julho Amarelo, dedicada \u00e0 conscientiza\u00e7\u00e3o e combate \u00e0s hepatites virais. Essas doen\u00e7as infecciosas, que afetam o f\u00edgado, podem evoluir para condi\u00e7\u00f5es graves como cirrose e c\u00e2ncer se n\u00e3o forem diagnosticadas e tratadas precocemente. A iniciativa, liderada pelo Departamento de Aten\u00e7\u00e3o Integral \u00e0 Sa\u00fade (DAIS) da Prefeitura de [&hellip;]<\/p>\n","protected":false},"author":1,"featured_media":26024,"comment_status":"open","ping_status":"open","sticky":false,"template":"","format":"standard","meta":{"footnotes":""},"categories":[3],"tags":[],"class_list":{"0":"post-26023","1":"post","2":"type-post","3":"status-publish","4":"format-standard","5":"has-post-thumbnail","7":"category-guarulhos"},"_links":{"self":[{"href":"https:\/\/jm-metropole.com.br\/site\/wp-json\/wp\/v2\/posts\/26023","targetHints":{"allow":["GET"]}}],"collection":[{"href":"https:\/\/jm-metropole.com.br\/site\/wp-json\/wp\/v2\/posts"}],"about":[{"href":"https:\/\/jm-metropole.com.br\/site\/wp-json\/wp\/v2\/types\/post"}],"author":[{"embeddable":true,"href":"https:\/\/jm-metropole.com.br\/site\/wp-json\/wp\/v2\/users\/1"}],"replies":[{"embeddable":true,"href":"https:\/\/jm-metropole.com.br\/site\/wp-json\/wp\/v2\/comments?post=26023"}],"version-history":[{"count":1,"href":"https:\/\/jm-metropole.com.br\/site\/wp-json\/wp\/v2\/posts\/26023\/revisions"}],"predecessor-version":[{"id":26025,"href":"https:\/\/jm-metropole.com.br\/site\/wp-json\/wp\/v2\/posts\/26023\/revisions\/26025"}],"wp:featuredmedia":[{"embeddable":true,"href":"https:\/\/jm-metropole.com.br\/site\/wp-json\/wp\/v2\/media\/26024"}],"wp:attachment":[{"href":"https:\/\/jm-metropole.com.br\/site\/wp-json\/wp\/v2\/media?parent=26023"}],"wp:term":[{"taxonomy":"category","embeddable":true,"href":"https:\/\/jm-metropole.com.br\/site\/wp-json\/wp\/v2\/categories?post=26023"},{"taxonomy":"post_tag","embeddable":true,"href":"https:\/\/jm-metropole.com.br\/site\/wp-json\/wp\/v2\/tags?post=26023"}],"curies":[{"name":"wp","href":"https:\/\/api.w.org\/{rel}","templated":true}]}}