{"id":26020,"date":"2025-07-04T12:00:59","date_gmt":"2025-07-04T15:00:59","guid":{"rendered":"https:\/\/jm-metropole.com.br\/site\/?p=26020"},"modified":"2025-07-04T12:00:59","modified_gmt":"2025-07-04T15:00:59","slug":"julho-tem-festas-tradicionais-e-cultura-no-alto-tiete-e-no-litoral-sul-do-rj-com-acesso-pelas-rodovias-administradas-pela-riosp","status":"publish","type":"post","link":"https:\/\/jm-metropole.com.br\/site\/julho-tem-festas-tradicionais-e-cultura-no-alto-tiete-e-no-litoral-sul-do-rj-com-acesso-pelas-rodovias-administradas-pela-riosp\/","title":{"rendered":"Julho tem festas tradicionais e cultura no Alto Tiet\u00ea e no Litoral Sul do RJ com acesso pelas rodovias administradas pela RioSP"},"content":{"rendered":"<p>Via Dutra e Rio-Santos conectam motoristas com seguran\u00e7a at\u00e9 Santa Isabel e Paraty, destinos que ter\u00e3o programa\u00e7\u00e3o especial neste m\u00eas<\/p>\n<p>Julho ser\u00e1 um m\u00eas de grandes atra\u00e7\u00f5es culturais e tradicionais em dois importantes destinos tur\u00edsticos: Santa Isabel (SP) e Paraty (RJ). Os dois munic\u00edpios \u2014 localizados \u00e0s margens de rodovias administradas pela RioSP, empresa Motiva \u2014 receber\u00e3o milhares de visitantes em eventos que celebram a identidade cultural local e prometem movimentar a regi\u00e3o.<br \/>\nEm Santa Isabel, no Alto Tiet\u00ea, a tradicional Festa do Pe\u00e3o come\u00e7a neste fim de semana e vai de 5 a 8 de julho, com entrada gratuita todos os dias. A programa\u00e7\u00e3o musical traz grandes nomes do sertanejo como Luan Pereira (5\/7), Daniel (6\/7), Murilo Huff (7\/7) e Ana Castela (8\/7), al\u00e9m das emocionantes competi\u00e7\u00f5es de rodeio. O acesso \u00e0 cidade se d\u00e1 pela Via Dutra (BR-116), no km 186, facilitando a chegada de visitantes de diferentes regi\u00f5es.<\/p>\n<p>J\u00e1 em Paraty, o m\u00eas de julho ser\u00e1 marcado por uma sequ\u00eancia de eventos culturais e religiosos que refor\u00e7am a tradi\u00e7\u00e3o e o protagonismo art\u00edstico da cidade hist\u00f3rica. A programa\u00e7\u00e3o inclui:<br \/>\n\u2022 04 a 27 de julho: Circuito de Festas Julinas de Paraty<br \/>\n\u2022 08 a 13 de julho: Festival Internacional de Cinema de Paraty<br \/>\n\u2022 11 a 20 de julho: Festa de Santa Rita<br \/>\n\u2022 12 e 13 de julho: Mostra Palco Girat\u00f3rio Sesc Paraty<br \/>\n\u2022 23 a 27 de julho: 21\u00aa Off FLIP<br \/>\n\u2022 30 de julho a 03 de agosto: FLIP \u2013 Festa Liter\u00e1ria Internacional de Paraty<\/p>\n<p>Com acesso pela Rodovia Rio-Santos (BR-101), o principal trevo de entrada de Paraty est\u00e1 localizado no km 585, sendo o ponto de refer\u00eancia tanto para quem vem do Rio de Janeiro quanto de S\u00e3o Paulo.<\/p>\n<p>Durante todo o per\u00edodo das festividades, os motoristas contar\u00e3o com servi\u00e7os de atendimento 24h, monitoramento por c\u00e2meras, apoio operacional e bases de apoio ao longo da Via Dutra e da Rio-Santos.<\/p>\n<p>A RioSP tamb\u00e9m refor\u00e7a orienta\u00e7\u00f5es importantes para quem vai viajar:<br \/>\n\u2022 Fa\u00e7a a revis\u00e3o preventiva do ve\u00edculo antes da viagem.<br \/>\n\u2022 Se beber, n\u00e3o dirija.<br \/>\n\u2022 N\u00e3o use o celular ao volante.<br \/>\n\u2022 Respeite os limites de velocidade e a sinaliza\u00e7\u00e3o da via.<\/p>\n","protected":false},"excerpt":{"rendered":"<p>Via Dutra e Rio-Santos conectam motoristas com seguran\u00e7a at\u00e9 Santa Isabel e Paraty, destinos que ter\u00e3o programa\u00e7\u00e3o especial neste m\u00eas Julho ser\u00e1 um m\u00eas de grandes atra\u00e7\u00f5es culturais e tradicionais em dois importantes destinos tur\u00edsticos: Santa Isabel (SP) e Paraty (RJ). Os dois munic\u00edpios \u2014 localizados \u00e0s margens de rodovias administradas pela RioSP, empresa Motiva [&hellip;]<\/p>\n","protected":false},"author":1,"featured_media":26021,"comment_status":"open","ping_status":"open","sticky":false,"template":"","format":"standard","meta":{"footnotes":""},"categories":[48],"tags":[],"class_list":{"0":"post-26020","1":"post","2":"type-post","3":"status-publish","4":"format-standard","5":"has-post-thumbnail","7":"category-geral"},"_links":{"self":[{"href":"https:\/\/jm-metropole.com.br\/site\/wp-json\/wp\/v2\/posts\/26020","targetHints":{"allow":["GET"]}}],"collection":[{"href":"https:\/\/jm-metropole.com.br\/site\/wp-json\/wp\/v2\/posts"}],"about":[{"href":"https:\/\/jm-metropole.com.br\/site\/wp-json\/wp\/v2\/types\/post"}],"author":[{"embeddable":true,"href":"https:\/\/jm-metropole.com.br\/site\/wp-json\/wp\/v2\/users\/1"}],"replies":[{"embeddable":true,"href":"https:\/\/jm-metropole.com.br\/site\/wp-json\/wp\/v2\/comments?post=26020"}],"version-history":[{"count":1,"href":"https:\/\/jm-metropole.com.br\/site\/wp-json\/wp\/v2\/posts\/26020\/revisions"}],"predecessor-version":[{"id":26022,"href":"https:\/\/jm-metropole.com.br\/site\/wp-json\/wp\/v2\/posts\/26020\/revisions\/26022"}],"wp:featuredmedia":[{"embeddable":true,"href":"https:\/\/jm-metropole.com.br\/site\/wp-json\/wp\/v2\/media\/26021"}],"wp:attachment":[{"href":"https:\/\/jm-metropole.com.br\/site\/wp-json\/wp\/v2\/media?parent=26020"}],"wp:term":[{"taxonomy":"category","embeddable":true,"href":"https:\/\/jm-metropole.com.br\/site\/wp-json\/wp\/v2\/categories?post=26020"},{"taxonomy":"post_tag","embeddable":true,"href":"https:\/\/jm-metropole.com.br\/site\/wp-json\/wp\/v2\/tags?post=26020"}],"curies":[{"name":"wp","href":"https:\/\/api.w.org\/{rel}","templated":true}]}}