{"id":25970,"date":"2025-07-03T06:56:03","date_gmt":"2025-07-03T09:56:03","guid":{"rendered":"https:\/\/jm-metropole.com.br\/site\/?p=25970"},"modified":"2025-07-03T06:56:03","modified_gmt":"2025-07-03T09:56:03","slug":"escolas-de-guarulhos-com-boas-praticas-em-alfabetizacao-sao-premiadas-no-paco-municipal","status":"publish","type":"post","link":"https:\/\/jm-metropole.com.br\/site\/escolas-de-guarulhos-com-boas-praticas-em-alfabetizacao-sao-premiadas-no-paco-municipal\/","title":{"rendered":"Escolas de Guarulhos com boas pr\u00e1ticas em alfabetiza\u00e7\u00e3o s\u00e3o premiadas no Pa\u00e7o Municipal"},"content":{"rendered":"<p>Gestores das escolas da rede municipal participaram na manh\u00e3 desta quarta-feira (2) de evento de reconhecimento do Pr\u00eamio Excel\u00eancia Educacional no Pa\u00e7o Municipal, no Bom Clima. Ao todo, foram premiadas trinta escolas da Prefeitura de Guarulhos que alcan\u00e7aram resultados positivos na alfabetiza\u00e7\u00e3o e aprendizagem dos alunos, a partir de metas estabelecidas no Sistema de Avalia\u00e7\u00e3o de Rendimento Escolar do Estado de S\u00e3o Paulo (Saresp). O prefeito Lucas Sanches, o secret\u00e1rio de Educa\u00e7\u00e3o Silvio Rodrigues, a subsecret\u00e1ria Min\u00e9a Paschoaleto Fratelli e a diretora do Departamento de Orienta\u00e7\u00f5es Educacionais e Pedag\u00f3gicas (DOEP) Daniela Hikawa compuseram a mesa da solenidade.<\/p>\n<p>Iniciativa do Governo do Estado, o pr\u00eamio faz parte do programa &#8220;Alfabetiza Juntos SP&#8221;, que al\u00e9m de reconhecer o esfor\u00e7o das redes municipais que atingiram as metas do Saresp, com base no \u00cdndice de Excel\u00eancia Educacional (IEE), tamb\u00e9m objetiva garantir que todas as crian\u00e7as sejam alfabetizadas na idade certa, promovendo educa\u00e7\u00e3o de qualidade e igualdade para os estudantes da rede p\u00fablica.<\/p>\n<p>O IEE \u00e9 um \u00edndice que orienta as metas para o pr\u00eamio, considerando alguns indicadores, como a padroniza\u00e7\u00e3o das m\u00e9dias de profici\u00eancia em L\u00edngua Portuguesa e Matem\u00e1tica, ponderadas pelo n\u00famero de alunos participantes do Saresp. Cada escola possui sua meta do IEE, que foi calculada com base na evolu\u00e7\u00e3o de notas, na complexidade da unidade, no tamanho, na vulnerabilidade social e se est\u00e1 integrada a um regime de ensino em tempo parcial ou integral.<\/p>\n<p>\u201cPara atender a esse programa do governo estadual, fiz quest\u00e3o de observar cada um dos crit\u00e9rios e requisitos que s\u00e3o considerados para o alcance dessa premia\u00e7\u00e3o, a evolu\u00e7\u00e3o das notas do Saresp, tamanho das escolas, a vulnerabilidade social, e hoje temos aqui diretores de escolas de diversas regi\u00f5es, das mais centrais \u00e0s perif\u00e9ricas. Em todas elas, \u00e9 poss\u00edvel apontar o esfor\u00e7o e empenho dos diretores para tornar o ambiente ainda melhor para atendimento das crian\u00e7as\u201d, disse o prefeito Sanches.<\/p>\n<p>O Pr\u00eamio Excel\u00eancia Educacional, no valor R$ 100 por aluno matriculado, deve ser utilizado pela escola premiada para melhorar as condi\u00e7\u00f5es escolares e os resultados de aprendizagem.<\/p>\n<p>A diretora do DOEP destacou a import\u00e2ncia do trabalho feito a longo prazo e o compromisso com a aprendizagem das crian\u00e7as. \u201cO resultado que voc\u00eas obtiveram n\u00e3o \u00e9 de um trabalho de seis meses, um ano, tem todo um percurso, uma trajet\u00f3ria com essas crian\u00e7as da nossa rede. Os dados do Saresp nos trouxeram at\u00e9 aqui para mostrarmos o qu\u00e3o potente \u00e9 a rede municipal de Guarulhos\u201d, enfatizou Daniela.<\/p>\n<p>O secret\u00e1rio de Educa\u00e7\u00e3o tamb\u00e9m refor\u00e7ou o empenho dos envolvidos no alcance dos resultados e o compromisso da gest\u00e3o Lucas Sanches com os avan\u00e7os da Educa\u00e7\u00e3o em Guarulhos. \u201cMuitas vezes, um dia de prova n\u00e3o reflete o esfor\u00e7o do dia a dia das salas de aula, por isso, esse momento de reconhecimento, de trazer os diretores aqui, \u00e9 mais que um gesto simb\u00f3lico do prefeito Lucas Sanches, antes, a valoriza\u00e7\u00e3o dos aspectos humanos que fazem parte dessa conquista\u201d, disse Rodrigues.<\/p>\n<p>Imagem: Diego Fr\u00f3is \/ PMG<\/p>\n","protected":false},"excerpt":{"rendered":"<p>Gestores das escolas da rede municipal participaram na manh\u00e3 desta quarta-feira (2) de evento de reconhecimento do Pr\u00eamio Excel\u00eancia Educacional no Pa\u00e7o Municipal, no Bom Clima. Ao todo, foram premiadas trinta escolas da Prefeitura de Guarulhos que alcan\u00e7aram resultados positivos na alfabetiza\u00e7\u00e3o e aprendizagem dos alunos, a partir de metas estabelecidas no Sistema de Avalia\u00e7\u00e3o [&hellip;]<\/p>\n","protected":false},"author":1,"featured_media":25971,"comment_status":"open","ping_status":"open","sticky":false,"template":"","format":"standard","meta":{"footnotes":""},"categories":[3],"tags":[],"class_list":{"0":"post-25970","1":"post","2":"type-post","3":"status-publish","4":"format-standard","5":"has-post-thumbnail","7":"category-guarulhos"},"_links":{"self":[{"href":"https:\/\/jm-metropole.com.br\/site\/wp-json\/wp\/v2\/posts\/25970","targetHints":{"allow":["GET"]}}],"collection":[{"href":"https:\/\/jm-metropole.com.br\/site\/wp-json\/wp\/v2\/posts"}],"about":[{"href":"https:\/\/jm-metropole.com.br\/site\/wp-json\/wp\/v2\/types\/post"}],"author":[{"embeddable":true,"href":"https:\/\/jm-metropole.com.br\/site\/wp-json\/wp\/v2\/users\/1"}],"replies":[{"embeddable":true,"href":"https:\/\/jm-metropole.com.br\/site\/wp-json\/wp\/v2\/comments?post=25970"}],"version-history":[{"count":1,"href":"https:\/\/jm-metropole.com.br\/site\/wp-json\/wp\/v2\/posts\/25970\/revisions"}],"predecessor-version":[{"id":25972,"href":"https:\/\/jm-metropole.com.br\/site\/wp-json\/wp\/v2\/posts\/25970\/revisions\/25972"}],"wp:featuredmedia":[{"embeddable":true,"href":"https:\/\/jm-metropole.com.br\/site\/wp-json\/wp\/v2\/media\/25971"}],"wp:attachment":[{"href":"https:\/\/jm-metropole.com.br\/site\/wp-json\/wp\/v2\/media?parent=25970"}],"wp:term":[{"taxonomy":"category","embeddable":true,"href":"https:\/\/jm-metropole.com.br\/site\/wp-json\/wp\/v2\/categories?post=25970"},{"taxonomy":"post_tag","embeddable":true,"href":"https:\/\/jm-metropole.com.br\/site\/wp-json\/wp\/v2\/tags?post=25970"}],"curies":[{"name":"wp","href":"https:\/\/api.w.org\/{rel}","templated":true}]}}