{"id":25964,"date":"2025-07-02T18:39:24","date_gmt":"2025-07-02T21:39:24","guid":{"rendered":"https:\/\/jm-metropole.com.br\/site\/?p=25964"},"modified":"2025-07-02T18:39:24","modified_gmt":"2025-07-02T21:39:24","slug":"com-mais-de-22-milhoes-de-lacres-arrecadados-fundo-social-ja-conquistou-cinco-cadeiras-de-rodas-com-o-projeto-lacre-solidario","status":"publish","type":"post","link":"https:\/\/jm-metropole.com.br\/site\/com-mais-de-22-milhoes-de-lacres-arrecadados-fundo-social-ja-conquistou-cinco-cadeiras-de-rodas-com-o-projeto-lacre-solidario\/","title":{"rendered":"Com mais de 2,2 milh\u00f5es de lacres arrecadados, Fundo Social j\u00e1 conquistou cinco cadeiras de rodas com o Projeto Lacre Solid\u00e1rio"},"content":{"rendered":"<p>Clau Camargo celebra nova entrega e destaca o papel da comunidade escolar e do com\u00e9rcio local na transforma\u00e7\u00e3o de vidas<\/p>\n<p>O Fundo Social de Solidariedade de Aruj\u00e1 recebeu, hoje (2), mais tr\u00eas cadeiras de rodas por meio do Projeto Lacre Solid\u00e1rio, somando cinco equipamentos conquistados desde o in\u00edcio do ano. A entrega simb\u00f3lica aconteceu na Escola Municipal Herm\u00ednia Araki, que se destacou na arrecada\u00e7\u00e3o de lacres entre as unidades da rede municipal de ensino.<\/p>\n<p>A iniciativa \u00e9 uma parceria com a SPMAR, concession\u00e1ria do Trecho Leste e Sul do Rodoanel, por meio do CONDEMAT+ (Cons\u00f3rcio de Desenvolvimento dos Munic\u00edpios do Alto Tiet\u00ea), e garante uma cadeira de rodas a cada 440 mil lacres de alum\u00ednio arrecadados. At\u00e9 o momento, mais de 2,2 milh\u00f5es de lacres j\u00e1 foram arrecadados com o apoio da rede municipal e com\u00e9rcios.<\/p>\n<p>\u201c\u00c9 emocionante ver nossas escolas e o com\u00e9rcio local engajados em uma a\u00e7\u00e3o t\u00e3o transformadora.<br \/>\nQuando somamos esfor\u00e7os, mostramos o poder da solidariedade. J\u00e1 s\u00e3o cinco cadeiras de rodas que hoje fazem parte do nosso programa de empr\u00e9stimo solid\u00e1rio, levando dignidade e mobilidade a quem mais precisa\u201d, afirmou Clau Camargo, presidente do Fundo Social de Solidariedade de Aruj\u00e1.<\/p>\n<p>As cadeiras conquistadas s\u00e3o destinadas ao Programa de Aluguel Social de Cadeiras de Rodas, oferecido pelo Fundo Social a pessoas em situa\u00e7\u00e3o de vulnerabilidade, com dificuldade de locomo\u00e7\u00e3o tempor\u00e1ria ou permanente. O empr\u00e9stimo \u00e9 feito de forma gratuita, mediante cadastro.<\/p>\n<p>Clau tamb\u00e9m refor\u00e7ou o papel fundamental da comunidade escolar e dos estabelecimentos parceiros. \u201cCada lacre arrecadado \u00e9 um gesto de cuidado. E quando vemos crian\u00e7as, professores e comerciantes envolvidos, entendemos que estamos construindo uma cidade mais consciente \u201d, completou.<\/p>\n<p>A campanha segue ativa com pontos de coleta em diversas escolas, com\u00e9rcios e \u00f3rg\u00e3os p\u00fablicos. Os interessados em participar podem entregar lacres diretamente na sede do Fundo Social ou obter informa\u00e7\u00f5es pelo telefone 4651-4097.<\/p>\n","protected":false},"excerpt":{"rendered":"<p>Clau Camargo celebra nova entrega e destaca o papel da comunidade escolar e do com\u00e9rcio local na transforma\u00e7\u00e3o de vidas O Fundo Social de Solidariedade de Aruj\u00e1 recebeu, hoje (2), mais tr\u00eas cadeiras de rodas por meio do Projeto Lacre Solid\u00e1rio, somando cinco equipamentos conquistados desde o in\u00edcio do ano. A entrega simb\u00f3lica aconteceu na [&hellip;]<\/p>\n","protected":false},"author":1,"featured_media":25965,"comment_status":"open","ping_status":"open","sticky":false,"template":"","format":"standard","meta":{"footnotes":""},"categories":[4],"tags":[],"class_list":{"0":"post-25964","1":"post","2":"type-post","3":"status-publish","4":"format-standard","5":"has-post-thumbnail","7":"category-aruja"},"_links":{"self":[{"href":"https:\/\/jm-metropole.com.br\/site\/wp-json\/wp\/v2\/posts\/25964","targetHints":{"allow":["GET"]}}],"collection":[{"href":"https:\/\/jm-metropole.com.br\/site\/wp-json\/wp\/v2\/posts"}],"about":[{"href":"https:\/\/jm-metropole.com.br\/site\/wp-json\/wp\/v2\/types\/post"}],"author":[{"embeddable":true,"href":"https:\/\/jm-metropole.com.br\/site\/wp-json\/wp\/v2\/users\/1"}],"replies":[{"embeddable":true,"href":"https:\/\/jm-metropole.com.br\/site\/wp-json\/wp\/v2\/comments?post=25964"}],"version-history":[{"count":1,"href":"https:\/\/jm-metropole.com.br\/site\/wp-json\/wp\/v2\/posts\/25964\/revisions"}],"predecessor-version":[{"id":25966,"href":"https:\/\/jm-metropole.com.br\/site\/wp-json\/wp\/v2\/posts\/25964\/revisions\/25966"}],"wp:featuredmedia":[{"embeddable":true,"href":"https:\/\/jm-metropole.com.br\/site\/wp-json\/wp\/v2\/media\/25965"}],"wp:attachment":[{"href":"https:\/\/jm-metropole.com.br\/site\/wp-json\/wp\/v2\/media?parent=25964"}],"wp:term":[{"taxonomy":"category","embeddable":true,"href":"https:\/\/jm-metropole.com.br\/site\/wp-json\/wp\/v2\/categories?post=25964"},{"taxonomy":"post_tag","embeddable":true,"href":"https:\/\/jm-metropole.com.br\/site\/wp-json\/wp\/v2\/tags?post=25964"}],"curies":[{"name":"wp","href":"https:\/\/api.w.org\/{rel}","templated":true}]}}