{"id":25961,"date":"2025-07-02T13:36:00","date_gmt":"2025-07-02T16:36:00","guid":{"rendered":"https:\/\/jm-metropole.com.br\/site\/?p=25961"},"modified":"2025-07-02T13:36:00","modified_gmt":"2025-07-02T16:36:00","slug":"riosp-lancara-vigas-no-viaduto-da-via-dutra-sobre-a-rodovia-fernao-dias","status":"publish","type":"post","link":"https:\/\/jm-metropole.com.br\/site\/riosp-lancara-vigas-no-viaduto-da-via-dutra-sobre-a-rodovia-fernao-dias\/","title":{"rendered":"RioSP lan\u00e7ar\u00e1 vigas no viaduto da Via Dutra sobre a rodovia Fern\u00e3o Dias"},"content":{"rendered":"<p>Atividade faz parte do cronograma de obras para alargamento das pistas expressas sentido sul (S\u00e3o Paulo) e norte (Rio de Janeiro)<\/p>\n<p>Entre a noite da pr\u00f3xima sexta-feira (04\/07) e a madrugada de segunda-feira (07\/07), a RioSP, uma empresa Motiva, realizar\u00e1 interven\u00e7\u00f5es no viaduto do km 227 da Via Dutra, que est\u00e1 sobre a rodovia Fern\u00e3o Dias (BR-381), para lan\u00e7amento de vigas que possibilitar\u00e3o o alargamento das pistas expressas sentido Rio de Janeiro e S\u00e3o Paulo da Via Dutra.<\/p>\n<p>A primeira etapa da atividade, que tem previs\u00e3o de iniciar no dia 4 de julho \u00e0s 21h e terminar \u00e0s 5h do dia seguinte, incluir\u00e1 a montagem dos equipamentos que far\u00e3o os i\u00e7amentos das vigas. Durante o lan\u00e7amento, previsto para acontecer \u00e0s 23h, a rodovia Fern\u00e3o Dias, no km 90, sentido S\u00e3o Paulo, ser\u00e1 bloqueada por cerca de 20 minutos. J\u00e1 o sentido Belo Horizonte (MG) ter\u00e1 o fluxo de ve\u00edculos interrompido por volta de 1h do dia 05 (s\u00e1bado), por aproximadamente 20 minutos tamb\u00e9m. As atividades se repetir\u00e3o nos mesmos hor\u00e1rios e locais nos pr\u00f3ximos dias (5 e 6 de julho), se estendendo at\u00e9 as 5h de segunda-feira (07\/07), quando finaliza o servi\u00e7o. Em caso de chuva as atividades poder\u00e3o ser suspensas ou canceladas.<\/p>\n<p>Alternativas durante as interven\u00e7\u00f5es<br \/>\nPara o motorista que estiver seguindo sentido Belo Horizonte no momento da interdi\u00e7\u00e3o moment\u00e2nea da rodovia Fern\u00e3o Dias, poder\u00e1 utilizar a sa\u00edda da Avenida Guarulhos, no km 225 da Via Dutra, para acessar a BR-381.<\/p>\n<p>J\u00e1 o motorista que necessita seguir sentido S\u00e3o Paulo da rodovia Fern\u00e3o Dias, dever\u00e1 acessar o Parque Novo Mundo, no km 228 da Dutra.<\/p>\n","protected":false},"excerpt":{"rendered":"<p>Atividade faz parte do cronograma de obras para alargamento das pistas expressas sentido sul (S\u00e3o Paulo) e norte (Rio de Janeiro) Entre a noite da pr\u00f3xima sexta-feira (04\/07) e a madrugada de segunda-feira (07\/07), a RioSP, uma empresa Motiva, realizar\u00e1 interven\u00e7\u00f5es no viaduto do km 227 da Via Dutra, que est\u00e1 sobre a rodovia Fern\u00e3o [&hellip;]<\/p>\n","protected":false},"author":1,"featured_media":25962,"comment_status":"open","ping_status":"open","sticky":false,"template":"","format":"standard","meta":{"footnotes":""},"categories":[48],"tags":[],"class_list":{"0":"post-25961","1":"post","2":"type-post","3":"status-publish","4":"format-standard","5":"has-post-thumbnail","7":"category-geral"},"_links":{"self":[{"href":"https:\/\/jm-metropole.com.br\/site\/wp-json\/wp\/v2\/posts\/25961","targetHints":{"allow":["GET"]}}],"collection":[{"href":"https:\/\/jm-metropole.com.br\/site\/wp-json\/wp\/v2\/posts"}],"about":[{"href":"https:\/\/jm-metropole.com.br\/site\/wp-json\/wp\/v2\/types\/post"}],"author":[{"embeddable":true,"href":"https:\/\/jm-metropole.com.br\/site\/wp-json\/wp\/v2\/users\/1"}],"replies":[{"embeddable":true,"href":"https:\/\/jm-metropole.com.br\/site\/wp-json\/wp\/v2\/comments?post=25961"}],"version-history":[{"count":1,"href":"https:\/\/jm-metropole.com.br\/site\/wp-json\/wp\/v2\/posts\/25961\/revisions"}],"predecessor-version":[{"id":25963,"href":"https:\/\/jm-metropole.com.br\/site\/wp-json\/wp\/v2\/posts\/25961\/revisions\/25963"}],"wp:featuredmedia":[{"embeddable":true,"href":"https:\/\/jm-metropole.com.br\/site\/wp-json\/wp\/v2\/media\/25962"}],"wp:attachment":[{"href":"https:\/\/jm-metropole.com.br\/site\/wp-json\/wp\/v2\/media?parent=25961"}],"wp:term":[{"taxonomy":"category","embeddable":true,"href":"https:\/\/jm-metropole.com.br\/site\/wp-json\/wp\/v2\/categories?post=25961"},{"taxonomy":"post_tag","embeddable":true,"href":"https:\/\/jm-metropole.com.br\/site\/wp-json\/wp\/v2\/tags?post=25961"}],"curies":[{"name":"wp","href":"https:\/\/api.w.org\/{rel}","templated":true}]}}