{"id":25958,"date":"2025-07-02T13:34:10","date_gmt":"2025-07-02T16:34:10","guid":{"rendered":"https:\/\/jm-metropole.com.br\/site\/?p=25958"},"modified":"2025-07-02T13:34:10","modified_gmt":"2025-07-02T16:34:10","slug":"maison-complex-abre-as-portas-em-mogi-das-cruzes-sp-com-20-de-desconto-em-tratamentos-no-mes-de-julho","status":"publish","type":"post","link":"https:\/\/jm-metropole.com.br\/site\/maison-complex-abre-as-portas-em-mogi-das-cruzes-sp-com-20-de-desconto-em-tratamentos-no-mes-de-julho\/","title":{"rendered":"Maison Complex abre as portas em Mogi das Cruzes-SP com 20% de desconto em tratamentos no m\u00eas de julho"},"content":{"rendered":"<p>Centro de beleza e de bem-estar lan\u00e7a a\u00e7\u00e3o promocional para tratamento capilar e est\u00e9tica corporal; SPA integrado com \u201cDay Use\u201d e \u201cDia da Noiva\u201d, com espa\u00e7os exclusivos e servi\u00e7o premium, est\u00e3o entre os diferenciais do novo espa\u00e7o<\/p>\n<p>O Maison Complex deu in\u00edcio \u00e0s suas atividades em Mogi das Cruzes-SP oferecendo servi\u00e7os premium e um conceito sofisticado e inovador. Na estreia, o mais novo espa\u00e7o de beleza, de est\u00e9tica e de bem-estar mogiano lan\u00e7ou a\u00e7\u00e3o promocional de 20% de desconto em tratamentos capilar e corporal durante todo o m\u00eas de julho.<\/p>\n<p>Mais de 200 pessoas, incluindo formadores de opini\u00e3o e autoridades, passaram pelo coquetel de abertura do Maison, na quarta-feira (25\/6). Recepcionado pessoalmente pelos propriet\u00e1rios, os empres\u00e1rios Marcello Barbosa e Mary Oliveira, o p\u00fablico conheceu as instala\u00e7\u00f5es do centro de beleza, distribu\u00eddas nos 235 metros quadrados de um centen\u00e1rio casar\u00e3o estrategicamente localizado na Vila Oliveira &#8211; rua Carmela Dutra, 303.<\/p>\n<p>A dupla, ali\u00e1s, chega \u00e0 Mogi com um presente e tanto aos clientes. At\u00e9 31\/7 (quinta-feira), tratamentos capilares (hidrata\u00e7\u00e3o e reconstru\u00e7\u00e3o) e de est\u00e9tica corporal, que compreendem massagens modeladoras e protocolos de emagrecimento, podem ser contratados com 20% de desconto.<\/p>\n<p>Os servi\u00e7os na Maison Complex s\u00e3o diversificados e personalizados. Entre as op\u00e7\u00f5es est\u00e3o corte de cabelo, visagismo, colora\u00e7\u00e3o, penteados, maquiagem, manicure e pedicure (incluindo unhas de fibra de vidro e de gel, blindagem e esmalta\u00e7\u00e3o) e podologia. No segmento de embelezamento do olhar, h\u00e1 extens\u00e3o de c\u00edlios, micropigmenta\u00e7\u00e3o e designer de sobrancelhas.<\/p>\n<p>Na est\u00e9tica, os clientes t\u00eam \u00e0 disposi\u00e7\u00e3o drenagens corporal e facial; massagem modeladora, limpeza de pele com hidrata\u00e7\u00e3o ou com peeling; microagulhamento facial; mesoterapia facial e papada; jato de plasma; ultrassom; depila\u00e7\u00e3o a laser; carboxiterapia e criolip\u00f3lise (congelamento das c\u00e9lulas de gordura):<\/p>\n<p>\u201cTrouxemos para Mogi das Cruzes o que h\u00e1 de mais moderno no mercado, com direito a produtos de primeira linha, profissionais altamente gabaritados e t\u00e9cnicas avan\u00e7adas no tratamento da beleza e de bem-estar dos nossos clientes\u201d, pontua Mary, sobre o conceito pensado para o p\u00fablico mogiano.<\/p>\n<p>Ao lado de Marcello, que tamb\u00e9m \u00e9 jornalista, a visagista e coach do setor da Beleza h\u00e1 mais de 25 anos aposta em outros diferenciais em Mogi das Cruzes, como o SPA integrado com sistema \u201cDay Use\u201d (uso de um dia) e o \u201cDia da Noiva\u201d.<\/p>\n<p>O SPA est\u00e1 instalado em \u00e1rea diferenciada e reservada do Maison Complex e \u00e9 ideal para quem quer desfrutar de uma experi\u00eancia completa de relaxamento, que inclui hidromassagem com cromoterapia e aromaterapia. A ideia, segundo Barbosa, \u00e9 proporcionar experi\u00eancia \u00fanicas aos frequentadores:<\/p>\n<p>\u201cAcreditamos que este modelo de \u2018Day Use\u2019 ser\u00e1 nosso carro-chefe, com a proposta de elevar a categoria de servi\u00e7os de bem-estar em Mogi das Cruzes\u201d.<\/p>\n<p>Dia da Noiva<br \/>\nO Maison Complex tem pacotes exclusivos para o \u201cDia da Noiva\u201d. No espa\u00e7o, noivas e madrinhas passam por atendimento em ala tamb\u00e9m reservada e aconchegante, podendo fazer, no espa\u00e7o, refei\u00e7\u00f5es selecionadas e massagem.<\/p>\n<p>O sal\u00e3o funciona de ter\u00e7a-feira \u00e0 s\u00e1bado, das 9h \u00e0s 19h. Pagamentos s\u00e3o aceitos em dinheiro, Pix ou cart\u00e3o de d\u00e9bito e de cr\u00e9dito. Mais informa\u00e7\u00f5es sobre os servi\u00e7os e agendamentos pelo telefone (11) 99601-4449 (WhatsApp).<\/p>\n<p>SERVI\u00c7O<\/p>\n<p>_MAISON COMPLEX &#8211; MOGI DAS CRUZES-SP_<\/p>\n<p>Funcionamento: De ter\u00e7a-feira \u00e0 s\u00e1bado, das 9h \u00e0s 19h<\/p>\n<p>Pagamento: Em dinheiro, Pix ou cart\u00e3o de d\u00e9bito e de cr\u00e9dito<\/p>\n<p>Endere\u00e7o: Rua Carmela Dutra, 303 &#8211; Vila Oliveira, Mogi das Cruzes-SP<\/p>\n<p>Contato: (11) 99601-4449 (WhatsApp). Redes sociais: @maisoncomplex<\/p>\n","protected":false},"excerpt":{"rendered":"<p>Centro de beleza e de bem-estar lan\u00e7a a\u00e7\u00e3o promocional para tratamento capilar e est\u00e9tica corporal; SPA integrado com \u201cDay Use\u201d e \u201cDia da Noiva\u201d, com espa\u00e7os exclusivos e servi\u00e7o premium, est\u00e3o entre os diferenciais do novo espa\u00e7o O Maison Complex deu in\u00edcio \u00e0s suas atividades em Mogi das Cruzes-SP oferecendo servi\u00e7os premium e um conceito [&hellip;]<\/p>\n","protected":false},"author":1,"featured_media":25959,"comment_status":"open","ping_status":"open","sticky":false,"template":"","format":"standard","meta":{"footnotes":""},"categories":[10],"tags":[],"class_list":{"0":"post-25958","1":"post","2":"type-post","3":"status-publish","4":"format-standard","5":"has-post-thumbnail","7":"category-mogi-das-cruzes"},"_links":{"self":[{"href":"https:\/\/jm-metropole.com.br\/site\/wp-json\/wp\/v2\/posts\/25958","targetHints":{"allow":["GET"]}}],"collection":[{"href":"https:\/\/jm-metropole.com.br\/site\/wp-json\/wp\/v2\/posts"}],"about":[{"href":"https:\/\/jm-metropole.com.br\/site\/wp-json\/wp\/v2\/types\/post"}],"author":[{"embeddable":true,"href":"https:\/\/jm-metropole.com.br\/site\/wp-json\/wp\/v2\/users\/1"}],"replies":[{"embeddable":true,"href":"https:\/\/jm-metropole.com.br\/site\/wp-json\/wp\/v2\/comments?post=25958"}],"version-history":[{"count":1,"href":"https:\/\/jm-metropole.com.br\/site\/wp-json\/wp\/v2\/posts\/25958\/revisions"}],"predecessor-version":[{"id":25960,"href":"https:\/\/jm-metropole.com.br\/site\/wp-json\/wp\/v2\/posts\/25958\/revisions\/25960"}],"wp:featuredmedia":[{"embeddable":true,"href":"https:\/\/jm-metropole.com.br\/site\/wp-json\/wp\/v2\/media\/25959"}],"wp:attachment":[{"href":"https:\/\/jm-metropole.com.br\/site\/wp-json\/wp\/v2\/media?parent=25958"}],"wp:term":[{"taxonomy":"category","embeddable":true,"href":"https:\/\/jm-metropole.com.br\/site\/wp-json\/wp\/v2\/categories?post=25958"},{"taxonomy":"post_tag","embeddable":true,"href":"https:\/\/jm-metropole.com.br\/site\/wp-json\/wp\/v2\/tags?post=25958"}],"curies":[{"name":"wp","href":"https:\/\/api.w.org\/{rel}","templated":true}]}}