{"id":25955,"date":"2025-07-02T13:32:40","date_gmt":"2025-07-02T16:32:40","guid":{"rendered":"https:\/\/jm-metropole.com.br\/site\/?p=25955"},"modified":"2025-07-02T13:32:40","modified_gmt":"2025-07-02T16:32:40","slug":"prefeitura-de-aruja-entrega-agasalhos-para-atletas-que-participarao-dos-jogos-regionais-2025","status":"publish","type":"post","link":"https:\/\/jm-metropole.com.br\/site\/prefeitura-de-aruja-entrega-agasalhos-para-atletas-que-participarao-dos-jogos-regionais-2025\/","title":{"rendered":"PREFEITURA DE ARUJ\u00c1 ENTREGA AGASALHOS PARA ATLETAS QUE PARTICIPAR\u00c3O DOS JOGOS REGIONAIS 2025"},"content":{"rendered":"<p>No \u00faltimo s\u00e1bado (28), foi realizada a entrega dos agasalhos, no audit\u00f3rio do Parque dos Ip\u00eas, aos atletas que ir\u00e3o representar Aruj\u00e1 nos Jogos Regionais, que come\u00e7am nesta semana, com abertura oficial na pr\u00f3xima quinta-feira (03), em S\u00e3o Jos\u00e9 dos Campos.<\/p>\n<p>A cerim\u00f4nia contou com a presen\u00e7a do secret\u00e1rio municipal de Esportes, Betinho, da primeira-dama e presidente do Fundo Social de Solidariedade, Clau Camargo, da delegada da Delegacia de Defesa da Mulher (DDM) de Aruj\u00e1, Regina Campanelli, e dos vereadores Tiago Urs\u00e3o, Caio M\u00e3os Solid\u00e1rias e Robertinho, que prestigiaram este importante momento de prepara\u00e7\u00e3o e apoio aos atletas arujaenses.<\/p>\n<p>&#8220;Este \u00e9 o momento de mostrar a for\u00e7a, o talento e a uni\u00e3o da nossa cidade. Participem com garra, respeito e orgulho de carregar o nome de Aruj\u00e1. Estamos juntos nessa torcida&#8221;, afirmou o secret\u00e1rio Betinho.<\/p>\n<p>Clau Camargo tamb\u00e9m parabenizou e desejou sorte e sucesso aos participantes dos jogos. &#8220;Estamos com mais de 160 atletas, que v\u00e3o disputar v\u00e1rias modalidades e ir\u00e3o representar nossa cidade em S\u00e3o Jos\u00e9 dos Campos e Ferraz de Vasconcelos. Que Deus aben\u00e7oe voc\u00eas e estamos torcendo por todos&#8221;, frisou.<\/p>\n","protected":false},"excerpt":{"rendered":"<p>No \u00faltimo s\u00e1bado (28), foi realizada a entrega dos agasalhos, no audit\u00f3rio do Parque dos Ip\u00eas, aos atletas que ir\u00e3o representar Aruj\u00e1 nos Jogos Regionais, que come\u00e7am nesta semana, com abertura oficial na pr\u00f3xima quinta-feira (03), em S\u00e3o Jos\u00e9 dos Campos. A cerim\u00f4nia contou com a presen\u00e7a do secret\u00e1rio municipal de Esportes, Betinho, da primeira-dama [&hellip;]<\/p>\n","protected":false},"author":1,"featured_media":25956,"comment_status":"open","ping_status":"open","sticky":false,"template":"","format":"standard","meta":{"footnotes":""},"categories":[4],"tags":[],"class_list":{"0":"post-25955","1":"post","2":"type-post","3":"status-publish","4":"format-standard","5":"has-post-thumbnail","7":"category-aruja"},"_links":{"self":[{"href":"https:\/\/jm-metropole.com.br\/site\/wp-json\/wp\/v2\/posts\/25955","targetHints":{"allow":["GET"]}}],"collection":[{"href":"https:\/\/jm-metropole.com.br\/site\/wp-json\/wp\/v2\/posts"}],"about":[{"href":"https:\/\/jm-metropole.com.br\/site\/wp-json\/wp\/v2\/types\/post"}],"author":[{"embeddable":true,"href":"https:\/\/jm-metropole.com.br\/site\/wp-json\/wp\/v2\/users\/1"}],"replies":[{"embeddable":true,"href":"https:\/\/jm-metropole.com.br\/site\/wp-json\/wp\/v2\/comments?post=25955"}],"version-history":[{"count":1,"href":"https:\/\/jm-metropole.com.br\/site\/wp-json\/wp\/v2\/posts\/25955\/revisions"}],"predecessor-version":[{"id":25957,"href":"https:\/\/jm-metropole.com.br\/site\/wp-json\/wp\/v2\/posts\/25955\/revisions\/25957"}],"wp:featuredmedia":[{"embeddable":true,"href":"https:\/\/jm-metropole.com.br\/site\/wp-json\/wp\/v2\/media\/25956"}],"wp:attachment":[{"href":"https:\/\/jm-metropole.com.br\/site\/wp-json\/wp\/v2\/media?parent=25955"}],"wp:term":[{"taxonomy":"category","embeddable":true,"href":"https:\/\/jm-metropole.com.br\/site\/wp-json\/wp\/v2\/categories?post=25955"},{"taxonomy":"post_tag","embeddable":true,"href":"https:\/\/jm-metropole.com.br\/site\/wp-json\/wp\/v2\/tags?post=25955"}],"curies":[{"name":"wp","href":"https:\/\/api.w.org\/{rel}","templated":true}]}}