{"id":25937,"date":"2025-07-02T07:05:18","date_gmt":"2025-07-02T10:05:18","guid":{"rendered":"https:\/\/jm-metropole.com.br\/site\/?p=25937"},"modified":"2025-07-02T07:05:18","modified_gmt":"2025-07-02T10:05:18","slug":"feira-do-estudante-de-guarulhos-traz-oportunidades-para-jovens-e-empresas-parceiras","status":"publish","type":"post","link":"https:\/\/jm-metropole.com.br\/site\/feira-do-estudante-de-guarulhos-traz-oportunidades-para-jovens-e-empresas-parceiras\/","title":{"rendered":"Feira do Estudante de Guarulhos traz oportunidades para jovens e empresas parceiras"},"content":{"rendered":"<p>A 11\u00aa Feira do Estudante de Guarulhos, que ser\u00e1 realizada nos dias 14 e 15 de agosto, das 8h \u00e0s 19h, no Adamastor (avenida Monteiro Lobato, 734, Macedo), oferece alternativas aos jovens para o encaminhamento da carreira, auxilia na escolha de uma profiss\u00e3o e amplia as perspectivas de estudo profissionalizante, t\u00e9cnico, universit\u00e1rio, de l\u00ednguas, interc\u00e2mbio, entre outras. Al\u00e9m disso, a iniciativa da Prefeitura da visibilidade \u00e0s empresas e institui\u00e7\u00f5es participantes, possibilitando atrair novos p\u00fablicos e novas oportunidades de crescimento.<\/p>\n<p>De acordo com a Subsecretaria da Juventude, integrante da Secretaria de Direitos Humanos e coordenadora da feira, a expectativa \u00e9 que um p\u00fablico de 25 mil pessoas visite os dois dias do evento que contar\u00e1 com aproximadamente 70 estandes.<\/p>\n<p>A 11\u00aa Feira do Estudante \u00e9 reconhecida como a maior feira voltada \u00e0 juventude de todo o Alto Tiet\u00ea, segundo o subsecret\u00e1rio da Juventude, Joas Rodrigues de Melo. \u201cEla \u00e9 um ponto de encontro entre sonhos e oportunidades. Queremos, mais uma vez, contar com o apoio dos nossos parceiros \u2014 institui\u00e7\u00f5es, empresas e organiza\u00e7\u00f5es -, que acreditam no poder transformador da juventude. Participar da Feira do Estudante \u00e9 fazer parte de uma rede que impulsiona talentos, oferece caminhos e inspira novas trajet\u00f3rias\u201d, ressaltou Joas.<\/p>\n<p>Parcerias<\/p>\n<p>Dezenas de empresas e institui\u00e7\u00f5es de ensino, entre faculdades, universidades, cursos t\u00e9cnicos, escolas de idiomas e escolas t\u00e9cnicas e empresas de est\u00e1gios j\u00e1 confirmaram presen\u00e7a como a FMU, Unisa, Universidade Cruzeiro do Sul, Anhanguera, Belottis Est\u00e1gios, Data Brasil, Escola do Mec\u00e2nico, Col\u00e9gio Tecks, Nube Est\u00e1gios e Aprendizes, Centro de Integra\u00e7\u00e3o Empresa-Escola (CIEE), Fisk, FIG-Unimesp, Faculdade Academus, Ellenco Est\u00e1gios, Interest\u00e1gios, Sucatas, UNG, Data Brasil, Nube Estagi\u00e1rios e Aprendizes, Brilho Pr\u00f3prio Est\u00e1gios, Grau T\u00e9cnico, entre outras.<\/p>\n<p>Com mais de 60 anos de exist\u00eancia, a Universidade Cruzeiro do Sul instalou um campus no munic\u00edpio h\u00e1 cinco anos. \u201c\u00c9 uma oportunidade para o jovem conhecer nossa universidade. Este \u00e9 um evento importante no qual conseguimos manter relacionamento como nossos p\u00fablicos e \u00e9 uma abertura de caminhos aos jovens atrav\u00e9s da educa\u00e7\u00e3o que oferece desenvolvimento profissional e crescimento pessoal\u201d, afirmou a supervisora comercial do campus Guarulhos da institui\u00e7\u00e3o de ensino, Sabrina Gomes.<\/p>\n<p>A Feira do Estudante mobiliza milhares de pessoas, possibilitando aumentar a conex\u00e3o com as pessoas. \u201c\u00c9 um evento muito grande e positivo em Guarulhos. Na \u00faltima vez em que participamos da Feira do Estudante tivemos a capta\u00e7\u00e3o de 15 mil contatos. Ela \u00e9 importante para divulgar o nosso trabalho e para levar oportunidades a esse p\u00fablico, porque durante o evento fazemos promo\u00e7\u00f5es e oferecemos descontos diferenciados\u201d, afirmou a diretora da unidade Tiradentes da Fisk, Amanda da Silva Barbosa.<\/p>\n<p>Desde 2019, a Escola do Mec\u00e2nico \u00e9 uma das parceiras do evento. Ela oferece ensino t\u00e9cnico e profissionalizando em mec\u00e2nica automotiva (motor diesel, h\u00edbrido e el\u00e9trico), de motocicletas e de refrigera\u00e7\u00e3o. \u201cVejo a Feira do Estudante como uma grande oportunidade dos que cursam o ensino m\u00e9dio e est\u00e3o nesta fase de decis\u00e3o para qual \u00e1rea poder\u00e3o ir, quando falamos em empregabilidade e profiss\u00e3o. E \u00e9 um momento de estar em contato com a popula\u00e7\u00e3o que vai ao evento, n\u00e3o apenas os estudantes, j\u00e1 \u00e9 a feira atrai muita gente e est\u00e1 numa localiza\u00e7\u00e3o central\u201d, disse o s\u00f3cio propriet\u00e1rio da institui\u00e7\u00e3o de ensino, Christian Perin.<\/p>\n<p>Empresas e institui\u00e7\u00f5es interessadas em participar da Feira do Estudante 2025 devem procurar a pasta, localizada na rua Guarulhos, 22, Gopo\u00fava. Mais informa\u00e7\u00f5es podem ser obtidas pelo telefone (11) 2408-5604.<\/p>\n<p>Imagem: Fabio Nunes Teixeira\/PMG<\/p>\n","protected":false},"excerpt":{"rendered":"<p>A 11\u00aa Feira do Estudante de Guarulhos, que ser\u00e1 realizada nos dias 14 e 15 de agosto, das 8h \u00e0s 19h, no Adamastor (avenida Monteiro Lobato, 734, Macedo), oferece alternativas aos jovens para o encaminhamento da carreira, auxilia na escolha de uma profiss\u00e3o e amplia as perspectivas de estudo profissionalizante, t\u00e9cnico, universit\u00e1rio, de l\u00ednguas, interc\u00e2mbio, [&hellip;]<\/p>\n","protected":false},"author":1,"featured_media":25938,"comment_status":"open","ping_status":"open","sticky":false,"template":"","format":"standard","meta":{"footnotes":""},"categories":[3],"tags":[],"class_list":{"0":"post-25937","1":"post","2":"type-post","3":"status-publish","4":"format-standard","5":"has-post-thumbnail","7":"category-guarulhos"},"_links":{"self":[{"href":"https:\/\/jm-metropole.com.br\/site\/wp-json\/wp\/v2\/posts\/25937","targetHints":{"allow":["GET"]}}],"collection":[{"href":"https:\/\/jm-metropole.com.br\/site\/wp-json\/wp\/v2\/posts"}],"about":[{"href":"https:\/\/jm-metropole.com.br\/site\/wp-json\/wp\/v2\/types\/post"}],"author":[{"embeddable":true,"href":"https:\/\/jm-metropole.com.br\/site\/wp-json\/wp\/v2\/users\/1"}],"replies":[{"embeddable":true,"href":"https:\/\/jm-metropole.com.br\/site\/wp-json\/wp\/v2\/comments?post=25937"}],"version-history":[{"count":1,"href":"https:\/\/jm-metropole.com.br\/site\/wp-json\/wp\/v2\/posts\/25937\/revisions"}],"predecessor-version":[{"id":25939,"href":"https:\/\/jm-metropole.com.br\/site\/wp-json\/wp\/v2\/posts\/25937\/revisions\/25939"}],"wp:featuredmedia":[{"embeddable":true,"href":"https:\/\/jm-metropole.com.br\/site\/wp-json\/wp\/v2\/media\/25938"}],"wp:attachment":[{"href":"https:\/\/jm-metropole.com.br\/site\/wp-json\/wp\/v2\/media?parent=25937"}],"wp:term":[{"taxonomy":"category","embeddable":true,"href":"https:\/\/jm-metropole.com.br\/site\/wp-json\/wp\/v2\/categories?post=25937"},{"taxonomy":"post_tag","embeddable":true,"href":"https:\/\/jm-metropole.com.br\/site\/wp-json\/wp\/v2\/tags?post=25937"}],"curies":[{"name":"wp","href":"https:\/\/api.w.org\/{rel}","templated":true}]}}