{"id":25934,"date":"2025-07-02T07:04:18","date_gmt":"2025-07-02T10:04:18","guid":{"rendered":"https:\/\/jm-metropole.com.br\/site\/?p=25934"},"modified":"2025-07-02T07:04:18","modified_gmt":"2025-07-02T10:04:18","slug":"prefeitura-de-guarulhos-divulga-cronogramas-das-ferias-de-julho-das-secretarias-de-cultura-educacao-e-meio-ambiente","status":"publish","type":"post","link":"https:\/\/jm-metropole.com.br\/site\/prefeitura-de-guarulhos-divulga-cronogramas-das-ferias-de-julho-das-secretarias-de-cultura-educacao-e-meio-ambiente\/","title":{"rendered":"Prefeitura de Guarulhos divulga cronogramas das f\u00e9rias de julho das Secretarias de Cultura, Educa\u00e7\u00e3o e Meio Ambiente"},"content":{"rendered":"<p>CULTURA<\/p>\n<p>Conservat\u00f3rio Municipal<\/p>\n<p>Dia 1 \u00e0s 20h &#8211; trompete.com.br<br \/>\nPe\u00e7as para trompete solo e quarteto de trompetes com acompanhamento de base harm\u00f4nica e r\u00edtmica. Prioridade para a m\u00fasica brasileira e suas vertentes. O repert\u00f3rio inclui composi\u00e7\u00f5es como Memory, Mania de voc\u00ea, The Flintstones, O cravo brigou com a rosa, tema do Looney Tunes, O Poderoso Chef\u00e3o e muito mais.<br \/>\nLocal: Audit\u00f3rio da Biblioteca Monteiro Lobato (Rua Jo\u00e3o Gon\u00e7alves, 439 &#8211; Centro)<br \/>\nCoordenador: Roberto Gastaldi<\/p>\n<p>Dia 2 \u00e0s 20h &#8211; \u00c1rias e Can\u00e7\u00f5es<br \/>\nApresenta\u00e7\u00e3o de alunos de Canto e de T\u00e9cnica Vocal do Conservat\u00f3rio Municipal de Guarulhos &#8211; Pe\u00e7as brasileiras e internacionais do repert\u00f3rio cl\u00e1ssico para vozes e piano.<br \/>\nLocal: Audit\u00f3rio da Biblioteca Monteiro Lobato (Rua Jo\u00e3o Gon\u00e7alves, 439 &#8211; Centro)<br \/>\nCoordenador: Adriano Vasconcelos<\/p>\n<p>Dia 3 \u00e0s 20h &#8211; Solos e Cameristas<br \/>\nO repert\u00f3rio inclui obras dos per\u00edodos cl\u00e1ssico, rom\u00e2ntico e contempor\u00e2neo, inclusive dos autores brasileiros Villa-Lobos, Nasari Campos e Celso Franchini.<br \/>\nLocal: Audit\u00f3rio do Conservat\u00f3rio Municipal de Guarulhos (Rua Ip\u00ea, 71 \u2013 Centro)<br \/>\nCoordenador: Maestro Celso Franchini<\/p>\n<p>Dia 4 \u00e0s 19h &#8211; Recital de Piano Erudito e Pr\u00e1tica de M\u00fasica de C\u00e2mara<br \/>\nA apresenta\u00e7\u00e3o abordar\u00e1 o tema Ocidente-Oriente com obras de compositores russos, europeus, brasileiros e latino-americanos, como Kabalevsky, Prokovieff, Rachmaninof, Mendelssohn, Bach, Mozart, Haydn, Lorenzo Fern\u00e1ndez.<br \/>\nLocal: Audit\u00f3rio da Biblioteca Monteiro Lobato (Rua Jo\u00e3o Gon\u00e7alves, 439 &#8211; Centro)<br \/>\nCoordenadora: Isabel Kanji<\/p>\n<p>Dia 7 \u00e0s 20h &#8211; Audi\u00e7\u00e3o do projeto Caminhos da Percuss\u00e3o<br \/>\nO repert\u00f3rio inclui Sincopando, Travessia, Pity Fuzz, Marchando e Pilha.<br \/>\nLocal: Audit\u00f3rio do Conservat\u00f3rio Municipal de Guarulhos (Rua Ip\u00ea, 71 \u2013 Centro)<br \/>\nCoordenador: Ricardo Ramesh<\/p>\n<p>Biblioteca Gracinda dos Anjos de S\u00e1 Domingues<br \/>\nRua Lu\u00eds Silvestri, s\/n\u00b0 &#8211; Jardim Bom Clima<\/p>\n<p>Dia 8 das 9h \u00e0s 16h &#8211; Desenhos para colorir<br \/>\nA biblioteca oferece desenhos com o intuito de promover o desenvolvimento infantil, no \u00e2mbito cognitivo, motor emocional e social.<br \/>\nFaixa et\u00e1ria: Livre<\/p>\n<p>Dia 8 \u00e0s 14h &#8211; Oficina de Customiza\u00e7\u00e3o<br \/>\nVenha soltar sua criatividade criando atrav\u00e9s da customiza\u00e7\u00e3o, pe\u00e7as \u00fanicas. Traga uma pe\u00e7a de roupa.<br \/>\nFaixa et\u00e1ria: acima de 10 anos.<\/p>\n<p>Dia 10, \u00e0s 14h &#8211; Oficina de Origami<br \/>\nM\u00e1rcio Grou desenvolve h\u00e1 anos suas atividades relacionando cultura popular, origami e narrativas. Para essa atividade na biblioteca, vamos relacionar origami e poemas do livro Poemas e Outros Bichos e muito mais.<br \/>\nO origami tem v\u00e1rias modalidades e objetivos, desde culturais at\u00e9 aqueles espec\u00edficos envolvendo matem\u00e1tica, utilizado muito por professores. Antes de tudo \u00e9 uma arte afetiva e uma t\u00e9cnica que envolve aten\u00e7\u00e3o, mem\u00f3ria e conv\u00edvio.<\/p>\n<p>Dia 12 \u00e0s 10h &#8211; Oficina de Quilling<br \/>\nJ\u00e1 ouviu falar de quilling? \u00c9 a arte de criar figuras atrav\u00e9s de tirinhas de pap\u00e9is.<br \/>\nFaixa et\u00e1ria: 8 anos<\/p>\n<p>Dia 12 \u00e0s 14h &#8211; Palestra Motivacional &#8220;Desperte&#8221;<br \/>\nPalestra voltada \u00e0s mulheres, sobre seu autoconhecimento e autoconfian\u00e7a, que desejam retomar as r\u00e9deas da pr\u00f3pria vida.<br \/>\nMentoria com Tatiane Nunes.<br \/>\nFaixa et\u00e1ria: acima de 18 anos.<\/p>\n<p>Dia 16 \u00e0s 14h &#8211; Oficina infantil de bijuterias<br \/>\nA biblioteca oferece materiais para confec\u00e7\u00e3o de pulseiras com mi\u00e7angas.<br \/>\nFaixa et\u00e1ria: a partir de 8 anos<\/p>\n<p>Dia 19 \u00e0s 14h &#8211; Palestra sobre o Primeiro emprego e recoloca\u00e7\u00e3o no mercado de trabalho<br \/>\nOrienta\u00e7\u00e3o sobre comportamento em entrevista de emprego e algumas dicas a mais com o palestrante Fernando Rodrigues, especialista em Gest\u00e3o de Pessoas.<br \/>\nFaixa et\u00e1ria: jovens e adultos<\/p>\n<p>Dia 22 das 9h \u00e0s 16h &#8211; Brincadeiras antigas &#8211; Forca e Jogo da velha<br \/>\nA biblioteca oferece jogo da forca com o objetivo de treinar a escrita e a pron\u00fancia de novas palavras e Jogo da velha com o objetivo de estimular o c\u00e9rebro.<br \/>\nFaixa et\u00e1ria: Livre<\/p>\n<p>Dia 23 \u00e0s 14h &#8211; Pain\u00e9is com elementos da natureza<br \/>\nCria\u00e7\u00e3o de pain\u00e9is para estimular a criatividade e o respeito \u00e0 natureza utilizando elementos ca\u00eddos da natureza como folhas, flores e galhos.<br \/>\nFaixa et\u00e1ria: Livre<\/p>\n<p>Dia 26 \u00e0s 14h &#8211; Oficina de macram\u00ea hippie<br \/>\nA biblioteca oferece aula de macram\u00ea, pontos b\u00e1sicos para confec\u00e7\u00e3o de pulseiras.<br \/>\nFaixa et\u00e1ria: a partir de 12 anos<\/p>\n<p>Dia 30 \u00e0s 14h &#8211; Oficina infantil de confec\u00e7\u00e3o de livros<br \/>\nVenha produzir seu livro infantil atrav\u00e9s de desenhos ou escrita.<br \/>\nFaixa et\u00e1ria: acima de 10 anos<\/p>\n<p>Dia 31 \u00e0s 10h &#8211; Oficina de reciclagem<br \/>\nConfec\u00e7\u00e3o de brinquedo vaiv\u00e9m atrav\u00e9s de materiais de reciclagem (garrafas pet). Traga a sua!<br \/>\nFaixa et\u00e1ria: 8 anos<\/p>\n<p>EDUCA\u00c7\u00c3O<\/p>\n<p>De 14 a 18\/7, das 13h \u00e0s 17h: De F\u00e9rias nos CEUs<br \/>\nNos 13 CEUs e no Cemear mediante inscri\u00e7\u00e3o (vagas limitadas)<br \/>\nNo CME Adamastor e nos Parques Chico Mendes e J\u00falio Fracalanza (entrada livre)<\/p>\n<p>MEIO AMBIENTE<\/p>\n<p>Dia 2 \u00e0s 9h &#8211; SOS Orqu\u00eddeas<br \/>\nOrquid\u00e1rio Municipal<br \/>\nAv. Papa Jo\u00e3o XXIII, s\/n\u00ba \u2013 Pq. Renato Maia<br \/>\nVenha aprender como cultivar essa esp\u00e9cie de planta que encanta a todos, quais os tipos de solo mais adequados, o local apropriado para ela, como combater doen\u00e7as e pragas e a maneira correta de propaga\u00e7\u00e3o das esp\u00e9cies.<\/p>\n<p>Dia 4 \u00e0s 19h &#8211; Trilha Noturna<br \/>\nCEA Virg\u00ednia Ranali<br \/>\nAv. Papa Jo\u00e3o XXIII, 219 \u2013 Pq. Renato Maia (ant. Cetesb)<br \/>\nConhe\u00e7a o maior parque urbano de Guarulhos de uma maneira diferente e a fauna com h\u00e1bitos noturnos que o local abriga.<\/p>\n<p>Dia 6 \u00e0s 9h &#8211; Feira de Ado\u00e7\u00e3o de C\u00e3es e Gatos<br \/>\nCEU Pimentas<br \/>\nEstrada do Caminho Velho, 351 \u2013 Bairro dos Pimentas<br \/>\nSe voc\u00ea est\u00e1 procurando um companheiro para seu dia a dia, venha adotar um pet que est\u00e1 precisando de voc\u00ea. Adotar \u00e9 um ato de amor, venha praticar.<\/p>\n<p>Dia 8 \u00e0s 9h<br \/>\nTrilha das Abelhas<br \/>\nCEA Virg\u00ednia Ranali<br \/>\nAv. Papa Jo\u00e3o XXIII, 219 \u2013 Pq. Renato Maia (ant. Cetesb)<br \/>\nDescubra as esp\u00e9cies de abelhas sem ferr\u00e3o que o Bosque Maia abriga, percorrendo pelos locais das colmeias e a import\u00e2ncia delas para a reprodu\u00e7\u00e3o das plantas e na manuten\u00e7\u00e3o da biodiversidade.<\/p>\n<p>Dia 12 \u00e0s 9h &#8211; Encontro dos conservadores de abelhas nativas de Guarulhos<br \/>\nCEA Virg\u00ednia Ranali<br \/>\nAv. Papa Jo\u00e3o XXIII, 219 \u2013 Pq. Renato Maia (ant. Cetesb)<br \/>\nEm uma reuni\u00e3o informal, voc\u00ea vai aprender a import\u00e2ncia da preserva\u00e7\u00e3o das abelhas nativas sem ferr\u00e3o, conhecer a meliponicultura e colaborar com pesquisadores na conserva\u00e7\u00e3o do meio ambiente, atrav\u00e9s da observa\u00e7\u00e3o dessas esp\u00e9cies.<\/p>\n<p>Dia 15 \u00e0s 9h &#8211; SOS Orqu\u00eddeas<br \/>\nOrquid\u00e1rio Municipal<br \/>\nAv. Papa Jo\u00e3o XXIII, s\/n\u00ba \u2013 Pq. Renato Maia<\/p>\n<p>Venha aprender como cultivar essa esp\u00e9cie de planta que encanta a todos, quais os tipos de solo mais adequados, o local apropriado para ela, como combater doen\u00e7as e pragas e a maneira correta de propaga\u00e7\u00e3o das esp\u00e9cies.<\/p>\n<p>Dia 24 \u00e0s 9h &#8211; Trilha de Pr\u00e1ticas Sustent\u00e1veis<br \/>\nCEA Virg\u00ednia Ranali<br \/>\nAv. Papa Jo\u00e3o XXIII, 219 \u2013 Pq. Renato Maia (ant. Cetesb)<br \/>\nDescubra como pequenas mudan\u00e7as de h\u00e1bitos do nosso dia a dia, podem contribuir para a preserva\u00e7\u00e3o do meio ambiente e reduzir os impactos das a\u00e7\u00f5es humanas que causam altera\u00e7\u00f5es na biodiversidade, caminhando pelas trilhas do Bosque Maia.<\/p>\n<p>Zool\u00f3gico de Guarulhos<br \/>\nAv. Don\u00e1 Gl\u00f3ria Pagnonceli, 344 &#8211; Jardim Rosa de Franca<\/p>\n<p>Dias 8, 10 e 11, \u00e0s 10h e 16h &#8211; Paleont\u00f3logo Por Um Dia<br \/>\nNestas f\u00e9rias a equipe de Educa\u00e7\u00e3o Ambiental do Zoo preparou uma experi\u00eancia de paleont\u00f3logo pra voc\u00ea! Venha se divertir e descobrir mais sobre os animais e f\u00f3sseis.<br \/>\nPonto de encontro: Audit\u00f3rio do Zoo<\/p>\n<p>Dias 15, 16 e 17, \u00e0s 10h e 16h &#8211; Dia da Cobra<br \/>\n16 de julho \u00e9 o dia internacional da Cobra! A Equipe de Educa\u00e7\u00e3o Ambiental do Zoo estar\u00e1<br \/>\ncom uma exposi\u00e7\u00e3o de diversos exemplares para voc\u00eas conhecerem mais sobre elas e ajudar a proteg\u00ea-las.<br \/>\nPonto de Encontro: Audit\u00f3rio do Zool\u00f3gico<\/p>\n<p>Dias 22, 24 e 25, \u00e0s 10h e 16h &#8211; Jacar\u00e9 de Boa na Lagoa &#8211; Conhe\u00e7a o Jac\u00e3o!<br \/>\nA campanha &#8220;Jacar\u00e9 de boa na lagoa&#8221;, da AZAB, incentiva zool\u00f3gicos, aqu\u00e1rios e museus associados a desenvolverem a\u00e7\u00f5es de educa\u00e7\u00e3o ambiental, sensibiliza\u00e7\u00e3o e conserva\u00e7\u00e3o, destacando a import\u00e2ncia dos jacar\u00e9s e de seus habitats naturais. Vem conhecer de perto o jacar\u00e9-de-papo-amarelo, suas caracter\u00edsticas biol\u00f3gicas, seu papel ecol\u00f3gico e os desafios que enfrenta.<br \/>\nPonto de Encontro: Recinto do jacar\u00e9-de-papo-amarelo<\/p>\n<p>Dia 28, \u00e0s 10h e 16h, com enriquecimento 14h &#8211; Bodas dos Sauim-de-coleira<br \/>\nNosso casal de sauim fazem bodas de flores e frutas, bem aprender mais sobre eles nesse dia e acompanhar o enriquecimento ambiental que preparamos especialmente para esse dia!<br \/>\nPonto de Encontro: Recinto dos sauim-de-coleira<\/p>\n<p>De segunda a sexta, \u00e0s 9h e 16h &#8211; Doa\u00e7\u00e3o de Mudas<br \/>\nNo zoo voc\u00ea pode pegar mudas de \u00e1rvores nativas de gra\u00e7a e na quantidade que quiser!<br \/>\nVenha fazer parte do Projeto Mundo Verde com a gente e levar sua mudinha para casa.<br \/>\nPonto de Encontro: Museu do Zoo<\/p>\n","protected":false},"excerpt":{"rendered":"<p>CULTURA Conservat\u00f3rio Municipal Dia 1 \u00e0s 20h &#8211; trompete.com.br Pe\u00e7as para trompete solo e quarteto de trompetes com acompanhamento de base harm\u00f4nica e r\u00edtmica. Prioridade para a m\u00fasica brasileira e suas vertentes. O repert\u00f3rio inclui composi\u00e7\u00f5es como Memory, Mania de voc\u00ea, The Flintstones, O cravo brigou com a rosa, tema do Looney Tunes, O Poderoso [&hellip;]<\/p>\n","protected":false},"author":1,"featured_media":25935,"comment_status":"open","ping_status":"open","sticky":false,"template":"","format":"standard","meta":{"footnotes":""},"categories":[3],"tags":[],"class_list":{"0":"post-25934","1":"post","2":"type-post","3":"status-publish","4":"format-standard","5":"has-post-thumbnail","7":"category-guarulhos"},"_links":{"self":[{"href":"https:\/\/jm-metropole.com.br\/site\/wp-json\/wp\/v2\/posts\/25934","targetHints":{"allow":["GET"]}}],"collection":[{"href":"https:\/\/jm-metropole.com.br\/site\/wp-json\/wp\/v2\/posts"}],"about":[{"href":"https:\/\/jm-metropole.com.br\/site\/wp-json\/wp\/v2\/types\/post"}],"author":[{"embeddable":true,"href":"https:\/\/jm-metropole.com.br\/site\/wp-json\/wp\/v2\/users\/1"}],"replies":[{"embeddable":true,"href":"https:\/\/jm-metropole.com.br\/site\/wp-json\/wp\/v2\/comments?post=25934"}],"version-history":[{"count":1,"href":"https:\/\/jm-metropole.com.br\/site\/wp-json\/wp\/v2\/posts\/25934\/revisions"}],"predecessor-version":[{"id":25936,"href":"https:\/\/jm-metropole.com.br\/site\/wp-json\/wp\/v2\/posts\/25934\/revisions\/25936"}],"wp:featuredmedia":[{"embeddable":true,"href":"https:\/\/jm-metropole.com.br\/site\/wp-json\/wp\/v2\/media\/25935"}],"wp:attachment":[{"href":"https:\/\/jm-metropole.com.br\/site\/wp-json\/wp\/v2\/media?parent=25934"}],"wp:term":[{"taxonomy":"category","embeddable":true,"href":"https:\/\/jm-metropole.com.br\/site\/wp-json\/wp\/v2\/categories?post=25934"},{"taxonomy":"post_tag","embeddable":true,"href":"https:\/\/jm-metropole.com.br\/site\/wp-json\/wp\/v2\/tags?post=25934"}],"curies":[{"name":"wp","href":"https:\/\/api.w.org\/{rel}","templated":true}]}}