{"id":25921,"date":"2025-07-01T09:51:11","date_gmt":"2025-07-01T12:51:11","guid":{"rendered":"https:\/\/jm-metropole.com.br\/site\/?p=25921"},"modified":"2025-07-01T09:51:11","modified_gmt":"2025-07-01T12:51:11","slug":"bom-prato-de-itaqua-promove-arraia-junino-com-pratos-tipicos","status":"publish","type":"post","link":"https:\/\/jm-metropole.com.br\/site\/bom-prato-de-itaqua-promove-arraia-junino-com-pratos-tipicos\/","title":{"rendered":"Bom Prato de Itaqu\u00e1 promove arrai\u00e1 junino com pratos t\u00edpicos"},"content":{"rendered":"<p>Evento contou com decora\u00e7\u00e3o tem\u00e1tica e m\u00fasicas de S\u00e3o Jo\u00e3o<\/p>\n<p>O Bom Prato de Itaquaquecetuba promoveu, na sexta-feira (27), um arrai\u00e1 junino com pratos t\u00edpicos, decora\u00e7\u00e3o tem\u00e1tica e m\u00fasicas tradicionais de S\u00e3o Jo\u00e3o. O restaurante popular entrou no clima caipira e proporcionou um dia especial aos frequentadores, refor\u00e7ando seu papel social ao oferecer refei\u00e7\u00f5es de qualidade a pre\u00e7os acess\u00edveis.<\/p>\n<p>A unidade foi toda decorada com bandeirinhas e bal\u00f5es, criando um ambiente acolhedor e festivo. O card\u00e1pio servido foi salada mediterr\u00e2nea, arroz verde, feij\u00e3o carioca, picado sertanejo, cuscuz de legumes e, de sobremesa, p\u00e9 de mo\u00e7a.<\/p>\n<p>&#8220;Mais do que uma refei\u00e7\u00e3o acess\u00edvel, o momento representa acolhimento, cultura e respeito pelas nossas tradi\u00e7\u00f5es. A festa junina \u00e9 uma oportunidade de fortalecer la\u00e7os com a comunidade e mostrar que o equipamento \u00e9, tamb\u00e9m, um espa\u00e7o de conviv\u00eancia e dignidade para todos&#8221;, disse o secret\u00e1rio de Abastecimento, Seguran\u00e7a Alimentar e Agricultura, Rolgaciano Fernandes.<\/p>\n<p>O Bom Prato \u00e9 um programa social que oferece refei\u00e7\u00f5es nutritivas e balanceadas a pre\u00e7os populares com foco em garantir seguran\u00e7a alimentar \u00e0s pessoas em situa\u00e7\u00e3o de vulnerabilidade social. O caf\u00e9 da manh\u00e3 custa R$ 0,50 e o almo\u00e7o ou jantar R$ 1. A unidade fica na rua Padre Anchieta, 78 \u2013 Centro.<\/p>\n<p>&#8220;O restaurante \u00e9 fundamental para garantir que a popula\u00e7\u00e3o tenha acesso a refei\u00e7\u00f5es nutritivas e acess\u00edveis diariamente. \u00c9 um programa que promove sa\u00fade, inclus\u00e3o social e dignidade para quem mais precisa\u201d, finalizou o prefeito Eduardo Boigues.<\/p>\n<p>Fotos: Chalaine Kerchner<\/p>\n","protected":false},"excerpt":{"rendered":"<p>Evento contou com decora\u00e7\u00e3o tem\u00e1tica e m\u00fasicas de S\u00e3o Jo\u00e3o O Bom Prato de Itaquaquecetuba promoveu, na sexta-feira (27), um arrai\u00e1 junino com pratos t\u00edpicos, decora\u00e7\u00e3o tem\u00e1tica e m\u00fasicas tradicionais de S\u00e3o Jo\u00e3o. O restaurante popular entrou no clima caipira e proporcionou um dia especial aos frequentadores, refor\u00e7ando seu papel social ao oferecer refei\u00e7\u00f5es de [&hellip;]<\/p>\n","protected":false},"author":1,"featured_media":25922,"comment_status":"open","ping_status":"open","sticky":false,"template":"","format":"standard","meta":{"footnotes":""},"categories":[6],"tags":[],"class_list":{"0":"post-25921","1":"post","2":"type-post","3":"status-publish","4":"format-standard","5":"has-post-thumbnail","7":"category-itaqua"},"_links":{"self":[{"href":"https:\/\/jm-metropole.com.br\/site\/wp-json\/wp\/v2\/posts\/25921","targetHints":{"allow":["GET"]}}],"collection":[{"href":"https:\/\/jm-metropole.com.br\/site\/wp-json\/wp\/v2\/posts"}],"about":[{"href":"https:\/\/jm-metropole.com.br\/site\/wp-json\/wp\/v2\/types\/post"}],"author":[{"embeddable":true,"href":"https:\/\/jm-metropole.com.br\/site\/wp-json\/wp\/v2\/users\/1"}],"replies":[{"embeddable":true,"href":"https:\/\/jm-metropole.com.br\/site\/wp-json\/wp\/v2\/comments?post=25921"}],"version-history":[{"count":1,"href":"https:\/\/jm-metropole.com.br\/site\/wp-json\/wp\/v2\/posts\/25921\/revisions"}],"predecessor-version":[{"id":25923,"href":"https:\/\/jm-metropole.com.br\/site\/wp-json\/wp\/v2\/posts\/25921\/revisions\/25923"}],"wp:featuredmedia":[{"embeddable":true,"href":"https:\/\/jm-metropole.com.br\/site\/wp-json\/wp\/v2\/media\/25922"}],"wp:attachment":[{"href":"https:\/\/jm-metropole.com.br\/site\/wp-json\/wp\/v2\/media?parent=25921"}],"wp:term":[{"taxonomy":"category","embeddable":true,"href":"https:\/\/jm-metropole.com.br\/site\/wp-json\/wp\/v2\/categories?post=25921"},{"taxonomy":"post_tag","embeddable":true,"href":"https:\/\/jm-metropole.com.br\/site\/wp-json\/wp\/v2\/tags?post=25921"}],"curies":[{"name":"wp","href":"https:\/\/api.w.org\/{rel}","templated":true}]}}